{"id":38907,"date":"2022-07-26T07:21:00","date_gmt":"2022-07-26T07:21:00","guid":{"rendered":"https:\/\/alamsuisse.org\/archives\/38907"},"modified":"2023-04-14T11:35:19","modified_gmt":"2023-04-14T11:35:19","slug":"frais-de-scolarite-6","status":"publish","type":"post","link":"https:\/\/alamsuisse.org\/fr\/archives\/38907","title":{"rendered":"Frais de scolarit\u00e9"},"content":{"rendered":"\t\t<div data-elementor-type=\"wp-post\" data-elementor-id=\"38907\" class=\"elementor elementor-38907 elementor-38903\">\n\t\t\t\t\t\t<section class=\"elementor-section elementor-top-section elementor-element elementor-element-8e06442 elementor-section-boxed elementor-section-height-default elementor-section-height-default\" data-id=\"8e06442\" data-element_type=\"section\" data-e-type=\"section\">\r\n\t\t\t\t\t\t<div class=\"elementor-container elementor-column-gap-thegem\"><div class=\"elementor-row\">\r\n\t\t\t\t\t<div class=\"elementor-column elementor-col-100 elementor-top-column elementor-element elementor-element-a43da26\" data-id=\"a43da26\" data-element_type=\"column\" data-e-type=\"column\">\n\t\t\t<div class=\"elementor-widget-wrap elementor-element-populated\">\n\t\t\t\t\t\t<div class=\"elementor-element elementor-element-3156dce flex-horizontal-align-default flex-horizontal-align-tablet-default flex-horizontal-align-mobile-default flex-vertical-align-default flex-vertical-align-tablet-default flex-vertical-align-mobile-default elementor-widget elementor-widget-video\" data-id=\"3156dce\" data-element_type=\"widget\" data-e-type=\"widget\" data-settings=\"{&quot;youtube_url&quot;:&quot;https:\\\/\\\/www.youtube.com\\\/watch?v=v00FAzvtBw4&quot;,&quot;video_type&quot;:&quot;youtube&quot;,&quot;controls&quot;:&quot;yes&quot;}\" data-widget_type=\"video.default\">\n\t\t\t\t<div class=\"elementor-widget-container\">\n\t\t\t\t\t\t\t<div class=\"elementor-wrapper elementor-open-inline\">\n\t\t\t<div class=\"elementor-video\"><\/div>\t\t<\/div>\n\t\t\t\t\t\t<\/div>\n\t\t\t\t<\/div>\n\t\t\t\t\t<\/div>\n\t\t<\/div>\n\t\t\t\t\t<\/div><\/div>\r\n\t\t<\/section>\r\n\t\t\t\t<section class=\"elementor-section elementor-top-section elementor-element elementor-element-0dbddaf elementor-section-boxed elementor-section-height-default elementor-section-height-default\" data-id=\"0dbddaf\" data-element_type=\"section\" data-e-type=\"section\">\r\n\t\t\t\t\t\t<div class=\"elementor-container elementor-column-gap-thegem\"><div class=\"elementor-row\">\r\n\t\t\t\t\t<div class=\"elementor-column elementor-col-50 elementor-top-column elementor-element elementor-element-8e047c5\" data-id=\"8e047c5\" data-element_type=\"column\" data-e-type=\"column\">\n\t\t\t<div class=\"elementor-widget-wrap elementor-element-populated\">\n\t\t\t\t\t\t<div class=\"elementor-element elementor-element-ae335a8 flex-horizontal-align-default flex-horizontal-align-tablet-default flex-horizontal-align-mobile-default flex-vertical-align-default flex-vertical-align-tablet-default flex-vertical-align-mobile-default elementor-widget elementor-widget-text-editor\" data-id=\"ae335a8\" data-element_type=\"widget\" data-e-type=\"widget\" data-widget_type=\"text-editor.default\">\n\t\t\t\t<div class=\"elementor-widget-container\">\n\t\t\t\t\t\t\t\t\t\t\t\t<div class=\"elementor-text-editor elementor-clearfix\">\r\n\t\t\t\t\t\t<p>Le syst\u00e8me \u00e9ducatif libanais, longtemps symbole de fiert\u00e9 nationale, est aujourd&rsquo;hui au bord de l&rsquo;effondrement, et de nombreux enfants vuln\u00e9rables risquent de ne jamais retourner \u00e0 l&rsquo;\u00e9cole. La Banque mondiale a identifi\u00e9 cinq crises majeures qui l&rsquo;affectent actuellement : la crise syrienne, l&rsquo;effondrement \u00e9conomique, l&rsquo;instabilit\u00e9 politique, la pand\u00e9mie de COVID-19 et l&rsquo;explosion du port de Beyrouth.<\/p>\n<p>Dans ce contexte malheureux, la pauvret\u00e9 repr\u00e9sente un obstacle important, de nombreuses familles n&rsquo;ayant pas les moyens d&rsquo;acheter les fournitures scolaires de base ou \u00e9tant oblig\u00e9es de compter sur leurs enfants pour obtenir un revenu compl\u00e9mentaire. N\u00e9anmoins, l&rsquo;\u00e9ducation reste une priorit\u00e9 absolue pour les m\u00e9nages libanais, o\u00f9 les parents sont pr\u00eats \u00e0 faire d&rsquo;importants sacrifices pour garantir l&rsquo;acc\u00e8s de leurs enfants \u00e0 l&rsquo;\u00e9ducation.<\/p>\n\t\t\t\t\t\t\t<\/div>\r\n\t\t\t\t\t\t\t\t\t\t<\/div>\n\t\t\t\t<\/div>\n\t\t\t\t<div class=\"elementor-element elementor-element-59d78b9 flex-horizontal-align-default flex-horizontal-align-tablet-default flex-horizontal-align-mobile-default flex-vertical-align-default flex-vertical-align-tablet-default flex-vertical-align-mobile-default elementor-widget elementor-widget-thegem-quoted-text\" data-id=\"59d78b9\" data-element_type=\"widget\" data-e-type=\"widget\" data-settings=\"{&quot;thegem_elementor_preset&quot;:&quot;style-1&quot;}\" data-widget_type=\"thegem-quoted-text.default\">\n\t\t\t\t<div class=\"elementor-widget-container\">\n\t\t\t\t\t<div class=\"gem-quote gem-quote-style-1 default-background\">\n\t<blockquote class=\"gem-text-output\"><p>\"Un p\u00e8re a d\u00fb vendre le r\u00e9frig\u00e9rateur de la maison pour 200 dollars afin de pouvoir payer les frais de scolarit\u00e9 de ses enfants\", rapporte Ghida Ibrahim de la Fondation Notre-Dame de l'Esp\u00e9rance.<\/p><\/blockquote>\n<\/div>\n\t\t\t\t<\/div>\n\t\t\t\t<\/div>\n\t\t\t\t<div class=\"elementor-element elementor-element-648c419 flex-horizontal-align-default flex-horizontal-align-tablet-default flex-horizontal-align-mobile-default flex-vertical-align-default flex-vertical-align-tablet-default flex-vertical-align-mobile-default elementor-widget elementor-widget-thegem-quoted-text\" data-id=\"648c419\" data-element_type=\"widget\" data-e-type=\"widget\" data-settings=\"{&quot;thegem_elementor_preset&quot;:&quot;style-2&quot;}\" data-widget_type=\"thegem-quoted-text.default\">\n\t\t\t\t<div class=\"elementor-widget-container\">\n\t\t\t\t\t<div class=\"gem-quote gem-quote-style-2 default-background\">\n\t<blockquote class=\"gem-text-output\"><p>Notre Dame de l'Esp\u00e9rance pour la Culture et l'Enseignement est une ONG d'\u00e9ducation et d'enseignement, cr\u00e9\u00e9e en 1987 \u00e0 l'initiative du groupe Fattal. Sa mission est d'offrir aux enfants libanais issus de milieux sociaux d\u00e9favoris\u00e9s un acc\u00e8s \u00e9gal \u00e0 l'\u00e9ducation, ind\u00e9pendamment de leur sexe, de leur religion ou de leur lieu de r\u00e9sidence.<\/p><\/blockquote>\n<\/div>\n\t\t\t\t<\/div>\n\t\t\t\t<\/div>\n\t\t\t\t\t<\/div>\n\t\t<\/div>\n\t\t\t\t<div class=\"elementor-column elementor-col-50 elementor-top-column elementor-element elementor-element-7d15d20\" data-id=\"7d15d20\" data-element_type=\"column\" data-e-type=\"column\">\n\t\t\t<div class=\"elementor-widget-wrap elementor-element-populated\">\n\t\t\t\t\t\t<div class=\"elementor-element elementor-element-1b598cc flex-horizontal-align-default flex-horizontal-align-tablet-default flex-horizontal-align-mobile-default flex-vertical-align-default flex-vertical-align-tablet-default flex-vertical-align-mobile-default elementor-widget elementor-widget-heading\" data-id=\"1b598cc\" data-element_type=\"widget\" data-e-type=\"widget\" data-widget_type=\"heading.default\">\n\t\t\t\t<div class=\"elementor-widget-container\">\n\t\t\t\t\t<h6 class=\"elementor-heading-title elementor-size-default\">Processus de s\u00e9lection des \u00e9coles<\/h6>\t\t\t\t<\/div>\n\t\t\t\t<\/div>\n\t\t\t\t<div class=\"elementor-element elementor-element-d92abaf flex-horizontal-align-default flex-horizontal-align-tablet-default flex-horizontal-align-mobile-default flex-vertical-align-default flex-vertical-align-tablet-default flex-vertical-align-mobile-default elementor-widget elementor-widget-text-editor\" data-id=\"d92abaf\" data-element_type=\"widget\" data-e-type=\"widget\" data-widget_type=\"text-editor.default\">\n\t\t\t\t<div class=\"elementor-widget-container\">\n\t\t\t\t\t\t\t\t\t\t\t\t<div class=\"elementor-text-editor elementor-clearfix\">\r\n\t\t\t\t\t\t<p>L&rsquo;ONG se concentre sur les \u00e9coles priv\u00e9es des r\u00e9gions vuln\u00e9rables \u00e9loign\u00e9es de Beyrouth qui risquent de fermer, et travaille en \u00e9troite collaboration avec les \u00e9coles pour s&rsquo;assurer que les fonds fournis sont utilis\u00e9s de mani\u00e8re transparente et efficace. \u00ab\u00a0Nous avons d\u00fb disqualifier de nombreuses \u00e9coles en raison d&rsquo;une mauvaise gestion de l&rsquo;argent ou d&rsquo;un manque de transparence\u00a0\u00bb, explique Ghida Ibrahim.<\/p>\n\t\t\t\t\t\t\t<\/div>\r\n\t\t\t\t\t\t\t\t\t\t<\/div>\n\t\t\t\t<\/div>\n\t\t\t\t<div class=\"elementor-element elementor-element-8c9585b flex-horizontal-align-default flex-horizontal-align-tablet-default flex-horizontal-align-mobile-default flex-vertical-align-default flex-vertical-align-tablet-default flex-vertical-align-mobile-default elementor-widget elementor-widget-heading\" data-id=\"8c9585b\" data-element_type=\"widget\" data-e-type=\"widget\" data-widget_type=\"heading.default\">\n\t\t\t\t<div class=\"elementor-widget-container\">\n\t\t\t\t\t<h6 class=\"elementor-heading-title elementor-size-default\">Processus de s\u00e9lection des \u00e9tudiants<\/h6>\t\t\t\t<\/div>\n\t\t\t\t<\/div>\n\t\t\t\t<div class=\"elementor-element elementor-element-180a23e flex-horizontal-align-default flex-horizontal-align-tablet-default flex-horizontal-align-mobile-default flex-vertical-align-default flex-vertical-align-tablet-default flex-vertical-align-mobile-default elementor-widget elementor-widget-text-editor\" data-id=\"180a23e\" data-element_type=\"widget\" data-e-type=\"widget\" data-widget_type=\"text-editor.default\">\n\t\t\t\t<div class=\"elementor-widget-container\">\n\t\t\t\t\t\t\t\t\t\t\t\t<div class=\"elementor-text-editor elementor-clearfix\">\r\n\t\t\t\t\t\t<p>L&rsquo;organisation s&rsquo;adresse principalement aux \u00e9l\u00e8ves de la sixi\u00e8me \u00e0 la neuvi\u00e8me ann\u00e9e, car c&rsquo;est dans cette tranche d&rsquo;\u00e2ge que le risque de d\u00e9crochage scolaire est le plus \u00e9lev\u00e9. La priorit\u00e9 est donn\u00e9e aux familles sans revenu fixe ou dont les membres souffrent de maladies chroniques. Les r\u00e9sultats scolaires et la volont\u00e9 d&rsquo;apprendre des \u00e9l\u00e8ves sont \u00e9galement examin\u00e9s.<\/p>\n\t\t\t\t\t\t\t<\/div>\r\n\t\t\t\t\t\t\t\t\t\t<\/div>\n\t\t\t\t<\/div>\n\t\t\t\t<div class=\"elementor-element elementor-element-7b79c5e flex-horizontal-align-default flex-horizontal-align-tablet-default flex-horizontal-align-mobile-default flex-vertical-align-default flex-vertical-align-tablet-default flex-vertical-align-mobile-default elementor-widget elementor-widget-thegem-quoted-text\" data-id=\"7b79c5e\" data-element_type=\"widget\" data-e-type=\"widget\" data-settings=\"{&quot;thegem_elementor_preset&quot;:&quot;style-1&quot;}\" data-widget_type=\"thegem-quoted-text.default\">\n\t\t\t\t<div class=\"elementor-widget-container\">\n\t\t\t\t\t<div class=\"gem-quote gem-quote-style-1 default-background\">\n\t<blockquote class=\"gem-text-output\"><p>\"L'objectif de l'ONG est d'aider ces \u00e9l\u00e8ves \u00e0 obtenir leur Brevet (Middle School Diploma), ce qui leur ouvrira de nombreuses opportunit\u00e9s, notamment la possibilit\u00e9 de poursuivre leurs \u00e9tudes au lyc\u00e9e ou dans un institut technique. Pour les \u00e9l\u00e8ves qui souhaitent vraiment poursuivre leurs \u00e9tudes et qui ont encore besoin de soutien, l'ONG fournira \u00e9galement une aide financi\u00e8re tout au long de leurs \u00e9tudes secondaires\", d\u00e9clare Nicole Abdel Ahad, l'une des repr\u00e9sentantes de l'ONG.<br \/><br \/><\/p><\/blockquote>\n<\/div>\n\t\t\t\t<\/div>\n\t\t\t\t<\/div>\n\t\t\t\t\t<\/div>\n\t\t<\/div>\n\t\t\t\t\t<\/div><\/div>\r\n\t\t<\/section>\r\n\t\t\t\t<section class=\"elementor-section elementor-top-section elementor-element elementor-element-84f6409 elementor-section-boxed elementor-section-height-default elementor-section-height-default\" data-id=\"84f6409\" data-element_type=\"section\" data-e-type=\"section\">\r\n\t\t\t\t\t\t<div class=\"elementor-container elementor-column-gap-thegem\"><div class=\"elementor-row\">\r\n\t\t\t\t\t<div class=\"elementor-column elementor-col-100 elementor-top-column elementor-element elementor-element-c59cb25\" data-id=\"c59cb25\" data-element_type=\"column\" data-e-type=\"column\">\n\t\t\t<div class=\"elementor-widget-wrap elementor-element-populated\">\n\t\t\t\t\t\t<div class=\"elementor-element elementor-element-aa850ab flex-horizontal-align-default flex-horizontal-align-tablet-default flex-horizontal-align-mobile-default flex-vertical-align-default flex-vertical-align-tablet-default flex-vertical-align-mobile-default elementor-widget elementor-widget-thegem-styled-textbox\" data-id=\"aa850ab\" data-element_type=\"widget\" data-e-type=\"widget\" data-settings=\"{&quot;thegem_elementor_preset&quot;:&quot;basic&quot;}\" data-widget_type=\"thegem-styled-textbox.default\">\n\t\t\t\t<div class=\"elementor-widget-container\">\n\t\t\t\t\t\n<div class=\"gem-textbox styled-textbox-basic\">\n\n\t\n\t\t<div class=\"gem-textbox-top gem-textbox-top-none default-fill\">\n\t\t\t\t\t<\/div>\n\t\n\t<div class=\"gem-textbox-inner\">\n\n\t\t<div class=\"gem-textbox-content default-background icon-top gem-textbox-icon-image-wrapping-none\">\n\n\t\t\t\t\t\t\t<div class=\"gem-texbox-icon-image-wrapper\">\n\n\t\t\t\t\t\t\t\t\t\t\t<div class=\"icon-top \">\n\t\t\t\t\t\t\t<div class=\"gem-textbox-icon\">\n\t\t\t\t\t\t\t\t<div class=\"elementor-icon\">\n\t\t\t\t\t\t\t\t\t<i aria-hidden=\"true\" class=\"far fa-handshake\"><\/i>\t\t\t\t\t\t\t\t<\/div>\n\t\t\t\t\t\t\t<\/div>\n\t\t\t\t\t\t<\/div>\n\t\t\t\t\t\n\t\t\t\t\t\n\t\t\t\t<\/div>\n\t\t\t\n\t\t\t<div class=\"gem-texbox-text-wrapper\">\n\n\t\t\t\t\t\t\t\t\t\n\t\t\t\t\t\t<h4 class=\"gem-textbox-title title-h4 bold\">\n\t\t\t\t\t\t\tPartenariat ALAM - F.D.N.D.E.\t\t\t\t\t\t<\/h4>\n\n\t\t\t\t\t\n\t\t\t\t\t\n\t\t\t\t\t\t<div class=\"gem-textbox-description gem-text-output\">\n\t\t\t\t\t\t\t<p>ALAM s'est associ\u00e9e \u00e0 la Fondation Notre-Dame de l'Esp\u00e9rance pour la Culture et l'Enseignement pour l'aider \u00e0 soutenir encore plus d'enfants dans leur qu\u00eate d'\u00e9ducation. Les fonds d'ALAM ont couvert les frais de scolarit\u00e9 de 250 \u00e9l\u00e8ves suppl\u00e9mentaires, portant le nombre d'enfants soutenus \u00e0 850 en 2021.<\/p>\t\t\t\t\t\t<\/div>\n\n\t\t\t\t\t\n\t\t\t\t\n\t\t\t\t\n\t\t\t<\/div>\n\n\t\t<\/div>\n\n\t<\/div>\n\n\t\n\t\t<div class=\"gem-textbox-bottom gem-textbox-bottom-none default-fill\">\n\t\t\t\t<\/div>\n\t\n\t\n<\/div>\n\t\t\t\t<\/div>\n\t\t\t\t<\/div>\n\t\t\t\t\t<\/div>\n\t\t<\/div>\n\t\t\t\t\t<\/div><\/div>\r\n\t\t<\/section>\r\n\t\t\t\t<section class=\"elementor-section elementor-top-section elementor-element elementor-element-e17136e elementor-section-boxed elementor-section-height-default elementor-section-height-default\" data-id=\"e17136e\" data-element_type=\"section\" data-e-type=\"section\">\r\n\t\t\t\t\t\t<div class=\"elementor-container elementor-column-gap-thegem\"><div class=\"elementor-row\">\r\n\t\t\t\t\t<div class=\"elementor-column elementor-col-100 elementor-top-column elementor-element elementor-element-44be4f2\" data-id=\"44be4f2\" data-element_type=\"column\" data-e-type=\"column\">\n\t\t\t<div class=\"elementor-widget-wrap elementor-element-populated\">\n\t\t\t\t\t\t<div class=\"elementor-element elementor-element-3db1562 flex-horizontal-align-default flex-horizontal-align-tablet-default flex-horizontal-align-mobile-default flex-vertical-align-default flex-vertical-align-tablet-default flex-vertical-align-mobile-default elementor-widget elementor-widget-text-editor\" data-id=\"3db1562\" data-element_type=\"widget\" data-e-type=\"widget\" data-widget_type=\"text-editor.default\">\n\t\t\t\t<div class=\"elementor-widget-container\">\n\t\t\t\t\t\t\t\t\t\t\t\t<div class=\"elementor-text-editor elementor-clearfix\">\r\n\t\t\t\t\t\t<p>L&rsquo;une des \u00e9coles qui a b\u00e9n\u00e9fici\u00e9 de ce soutien est l&rsquo;\u00e9cole Saint Rita, une \u00e9cole priv\u00e9e situ\u00e9e \u00e0 Dbayeh, au Liban, qui propose un enseignement \u00e0 la fois acad\u00e9mique et technique. Selon le directeur de l&rsquo;\u00e9cole, le p\u00e8re Samir Ghsoub, l&rsquo;\u00e9cole \u00e9tait sur le point de fermer apr\u00e8s avoir perdu environ 1 000 \u00e9l\u00e8ves et s&rsquo;\u00eatre retrouv\u00e9e avec seulement 200 \u00e9l\u00e8ves en raison de la situation financi\u00e8re. L&rsquo;\u00e9cole est rest\u00e9e ouverte gr\u00e2ce au soutien de l&rsquo;ONG et aux sacrifices des enseignants et des parents.<\/p>\n\t\t\t\t\t\t\t<\/div>\r\n\t\t\t\t\t\t\t\t\t\t<\/div>\n\t\t\t\t<\/div>\n\t\t\t\t<div class=\"elementor-element elementor-element-2c899f9 flex-horizontal-align-default flex-horizontal-align-tablet-default flex-horizontal-align-mobile-default flex-vertical-align-default flex-vertical-align-tablet-default flex-vertical-align-mobile-default elementor-widget elementor-widget-thegem-quoted-text\" data-id=\"2c899f9\" data-element_type=\"widget\" data-e-type=\"widget\" data-settings=\"{&quot;thegem_elementor_preset&quot;:&quot;style-1&quot;}\" data-widget_type=\"thegem-quoted-text.default\">\n\t\t\t\t<div class=\"elementor-widget-container\">\n\t\t\t\t\t<div class=\"gem-quote gem-quote-style-1 default-background\">\n\t<blockquote class=\"gem-text-output\"><p>\"Nous sommes encore ouverts aujourd'hui gr\u00e2ce aux \u00e9l\u00e8ves, aux parents et aux enseignants qui se sont lev\u00e9s et se sont battus pour que l'\u00e9cole reste ouverte. Les enseignants ont sacrifi\u00e9 leurs salaires pendant deux ans, ce qui montre \u00e0 quel point ils se soucient de ces enfants et de leur avenir\", d\u00e9clare le p\u00e8re Samir Ghsoub.<\/p><\/blockquote>\n<\/div>\n\t\t\t\t<\/div>\n\t\t\t\t<\/div>\n\t\t\t\t\t<\/div>\n\t\t<\/div>\n\t\t\t\t\t<\/div><\/div>\r\n\t\t<\/section>\r\n\t\t\t\t<section class=\"elementor-section elementor-top-section elementor-element elementor-element-2c226fe elementor-section-boxed elementor-section-height-default elementor-section-height-default\" data-id=\"2c226fe\" data-element_type=\"section\" data-e-type=\"section\">\r\n\t\t\t\t\t\t<div class=\"elementor-container elementor-column-gap-thegem\"><div class=\"elementor-row\">\r\n\t\t\t\t\t<div class=\"elementor-column elementor-col-100 elementor-top-column elementor-element elementor-element-ba14582\" data-id=\"ba14582\" data-element_type=\"column\" data-e-type=\"column\">\n\t\t\t<div class=\"elementor-widget-wrap elementor-element-populated\">\n\t\t\t\t\t\t<div class=\"elementor-element elementor-element-0364c85 flex-horizontal-align-default flex-horizontal-align-tablet-default flex-horizontal-align-mobile-default flex-vertical-align-default flex-vertical-align-tablet-default flex-vertical-align-mobile-default elementor-widget elementor-widget-thegem-gallery-slider\" data-id=\"0364c85\" data-element_type=\"widget\" data-e-type=\"widget\" data-widget_type=\"thegem-gallery-slider.default\">\n\t\t\t\t<div class=\"elementor-widget-container\">\n\t\t\t\t\t\n\t\t<div class=\"preloader\">\n\t\t\t<div class=\"preloader-spin\"><\/div>\n\t\t<\/div>\n\t\t<div class=\"gem-gallery gem-gallery-hover-zooming-blur  \" data-autoscroll=\"2500\">\n\t\t\t\t\t\t\t\n<div class=\"gem-gallery-item\">\n\t<div class=\"gem-gallery-item-image\">\n\t\t<a href=\"https:\/\/alamsuisse.org\/wp-content\/uploads\/2022\/12\/DSC0283-scaled-thegem-gallery-sidebar.jpg\"\n\t\t\tdata-full-image-url=\"https:\/\/alamsuisse.org\/wp-content\/uploads\/2022\/12\/DSC0283-scaled.jpg\"\n\t\t\tdata-elementor-open-lightbox=\"no\"\n\t\t\tdata-fancybox=\"gallery-69f44953a422c\">\n\t\t\t<svg class=\"arrow-mark\" width=\"20\" height=\"10\">\n\t\t\t\t<path d=\"M 0,10 Q 9,9 10,0 Q 11,9 20,10\"\/>\n\t\t\t<\/svg>\n\t\t\t<img src=\"https:\/\/alamsuisse.org\/wp-content\/uploads\/2022\/12\/DSC0283-scaled-thegem-post-thumb-small.jpg\"\n\t\t\t\t alt=\"DSC0283\" class=\"img-responsive\">\n\t\t\t<span class=\"gem-gallery-caption slide-info\">\n\t\t\t\t<span class=\"gem-gallery-item-title \">\n\t\t\t\t\thttps:\/\/www.youtube.com\/watch?v=v00FAzvtBw4 Le syst\u00e8me \u00e9ducatif libanais, longtemps symbole de fiert\u00e9 nationale, est aujourd'hui au bord de l'effondrement, et de nombreux enfants...\t\t\t\t<\/span>\n\t\t\t\t<span class=\"gem-gallery-item-description\">\n\t\t\t\t\t\t\t\t\t<\/span>\n\t\t\t<\/span>\n\t\t\t\t\t\t\t\t<\/a>\n\t<\/div>\n<\/div>\n\n\t\t\t\t\t\t\t\t\t\t\t\n<div class=\"gem-gallery-item\">\n\t<div class=\"gem-gallery-item-image\">\n\t\t<a href=\"https:\/\/alamsuisse.org\/wp-content\/uploads\/2022\/12\/DSC0180-scaled-thegem-gallery-sidebar.jpg\"\n\t\t\tdata-full-image-url=\"https:\/\/alamsuisse.org\/wp-content\/uploads\/2022\/12\/DSC0180-scaled.jpg\"\n\t\t\tdata-elementor-open-lightbox=\"no\"\n\t\t\tdata-fancybox=\"gallery-69f44953a422c\">\n\t\t\t<svg class=\"arrow-mark\" width=\"20\" height=\"10\">\n\t\t\t\t<path d=\"M 0,10 Q 9,9 10,0 Q 11,9 20,10\"\/>\n\t\t\t<\/svg>\n\t\t\t<img src=\"https:\/\/alamsuisse.org\/wp-content\/uploads\/2022\/12\/DSC0180-scaled-thegem-post-thumb-small.jpg\"\n\t\t\t\t alt=\"DSC0180\" class=\"img-responsive\">\n\t\t\t<span class=\"gem-gallery-caption slide-info\">\n\t\t\t\t<span class=\"gem-gallery-item-title \">\n\t\t\t\t\thttps:\/\/www.youtube.com\/watch?v=v00FAzvtBw4 Le syst\u00e8me \u00e9ducatif libanais, longtemps symbole de fiert\u00e9 nationale, est aujourd'hui au bord de l'effondrement, et de nombreux enfants...\t\t\t\t<\/span>\n\t\t\t\t<span class=\"gem-gallery-item-description\">\n\t\t\t\t\t\t\t\t\t<\/span>\n\t\t\t<\/span>\n\t\t\t\t\t\t\t\t<\/a>\n\t<\/div>\n<\/div>\n\n\t\t\t\t\t\t\t\t\t\t\t\n<div class=\"gem-gallery-item\">\n\t<div class=\"gem-gallery-item-image\">\n\t\t<a href=\"https:\/\/alamsuisse.org\/wp-content\/uploads\/2022\/12\/DSC0356-scaled-thegem-gallery-sidebar.jpg\"\n\t\t\tdata-full-image-url=\"https:\/\/alamsuisse.org\/wp-content\/uploads\/2022\/12\/DSC0356-scaled.jpg\"\n\t\t\tdata-elementor-open-lightbox=\"no\"\n\t\t\tdata-fancybox=\"gallery-69f44953a422c\">\n\t\t\t<svg class=\"arrow-mark\" width=\"20\" height=\"10\">\n\t\t\t\t<path d=\"M 0,10 Q 9,9 10,0 Q 11,9 20,10\"\/>\n\t\t\t<\/svg>\n\t\t\t<img src=\"https:\/\/alamsuisse.org\/wp-content\/uploads\/2022\/12\/DSC0356-scaled-thegem-post-thumb-small.jpg\"\n\t\t\t\t alt=\"_DSC0356\" class=\"img-responsive\">\n\t\t\t<span class=\"gem-gallery-caption slide-info\">\n\t\t\t\t<span class=\"gem-gallery-item-title \">\n\t\t\t\t\thttps:\/\/www.youtube.com\/watch?v=v00FAzvtBw4 Le syst\u00e8me \u00e9ducatif libanais, longtemps symbole de fiert\u00e9 nationale, est aujourd'hui au bord de l'effondrement, et de nombreux enfants...\t\t\t\t<\/span>\n\t\t\t\t<span class=\"gem-gallery-item-description\">\n\t\t\t\t\t\t\t\t\t<\/span>\n\t\t\t<\/span>\n\t\t\t\t\t\t\t\t<\/a>\n\t<\/div>\n<\/div>\n\n\t\t\t\t\t\t\t\t\t\t\t\n<div class=\"gem-gallery-item\">\n\t<div class=\"gem-gallery-item-image\">\n\t\t<a href=\"https:\/\/alamsuisse.org\/wp-content\/uploads\/2023\/04\/862a788a-38c3-4939-9c9b-eef536d3bd7d-scaled-thegem-gallery-sidebar.jpg\"\n\t\t\tdata-full-image-url=\"https:\/\/alamsuisse.org\/wp-content\/uploads\/2023\/04\/862a788a-38c3-4939-9c9b-eef536d3bd7d-scaled.jpg\"\n\t\t\tdata-elementor-open-lightbox=\"no\"\n\t\t\tdata-fancybox=\"gallery-69f44953a422c\">\n\t\t\t<svg class=\"arrow-mark\" width=\"20\" height=\"10\">\n\t\t\t\t<path d=\"M 0,10 Q 9,9 10,0 Q 11,9 20,10\"\/>\n\t\t\t<\/svg>\n\t\t\t<img src=\"https:\/\/alamsuisse.org\/wp-content\/uploads\/2023\/04\/862a788a-38c3-4939-9c9b-eef536d3bd7d-scaled-thegem-post-thumb-small.jpg\"\n\t\t\t\t alt=\"862a788a-38c3-4939-9c9b-eef536d3bd7d\" class=\"img-responsive\">\n\t\t\t<span class=\"gem-gallery-caption slide-info\">\n\t\t\t\t<span class=\"gem-gallery-item-title \">\n\t\t\t\t\thttps:\/\/www.youtube.com\/watch?v=v00FAzvtBw4 Le syst\u00e8me \u00e9ducatif libanais, longtemps symbole de fiert\u00e9 nationale, est aujourd'hui au bord de l'effondrement, et de nombreux enfants...\t\t\t\t<\/span>\n\t\t\t\t<span class=\"gem-gallery-item-description\">\n\t\t\t\t\t\t\t\t\t<\/span>\n\t\t\t<\/span>\n\t\t\t\t\t\t\t\t<\/a>\n\t<\/div>\n<\/div>\n\n\t\t\t\t\t\t\t\t\t\t\t\n<div class=\"gem-gallery-item\">\n\t<div class=\"gem-gallery-item-image\">\n\t\t<a href=\"https:\/\/alamsuisse.org\/wp-content\/uploads\/2022\/12\/DSC0270-scaled-thegem-gallery-sidebar.jpg\"\n\t\t\tdata-full-image-url=\"https:\/\/alamsuisse.org\/wp-content\/uploads\/2022\/12\/DSC0270-scaled.jpg\"\n\t\t\tdata-elementor-open-lightbox=\"no\"\n\t\t\tdata-fancybox=\"gallery-69f44953a422c\">\n\t\t\t<svg class=\"arrow-mark\" width=\"20\" height=\"10\">\n\t\t\t\t<path d=\"M 0,10 Q 9,9 10,0 Q 11,9 20,10\"\/>\n\t\t\t<\/svg>\n\t\t\t<img src=\"https:\/\/alamsuisse.org\/wp-content\/uploads\/2022\/12\/DSC0270-scaled-thegem-post-thumb-small.jpg\"\n\t\t\t\t alt=\"DSC0270\" class=\"img-responsive\">\n\t\t\t<span class=\"gem-gallery-caption slide-info\">\n\t\t\t\t<span class=\"gem-gallery-item-title \">\n\t\t\t\t\thttps:\/\/www.youtube.com\/watch?v=v00FAzvtBw4 Le syst\u00e8me \u00e9ducatif libanais, longtemps symbole de fiert\u00e9 nationale, est aujourd'hui au bord de l'effondrement, et de nombreux enfants...\t\t\t\t<\/span>\n\t\t\t\t<span class=\"gem-gallery-item-description\">\n\t\t\t\t\t\t\t\t\t<\/span>\n\t\t\t<\/span>\n\t\t\t\t\t\t\t\t<\/a>\n\t<\/div>\n<\/div>\n\n\t\t\t\t\t\t\t\t\t\t\t\n<div class=\"gem-gallery-item\">\n\t<div class=\"gem-gallery-item-image\">\n\t\t<a href=\"https:\/\/alamsuisse.org\/wp-content\/uploads\/2022\/12\/DSC0268-scaled-thegem-gallery-sidebar.jpg\"\n\t\t\tdata-full-image-url=\"https:\/\/alamsuisse.org\/wp-content\/uploads\/2022\/12\/DSC0268-scaled.jpg\"\n\t\t\tdata-elementor-open-lightbox=\"no\"\n\t\t\tdata-fancybox=\"gallery-69f44953a422c\">\n\t\t\t<svg class=\"arrow-mark\" width=\"20\" height=\"10\">\n\t\t\t\t<path d=\"M 0,10 Q 9,9 10,0 Q 11,9 20,10\"\/>\n\t\t\t<\/svg>\n\t\t\t<img src=\"https:\/\/alamsuisse.org\/wp-content\/uploads\/2022\/12\/DSC0268-scaled-thegem-post-thumb-small.jpg\"\n\t\t\t\t alt=\"_DSC0268\" class=\"img-responsive\">\n\t\t\t<span class=\"gem-gallery-caption slide-info\">\n\t\t\t\t<span class=\"gem-gallery-item-title \">\n\t\t\t\t\thttps:\/\/www.youtube.com\/watch?v=v00FAzvtBw4 Le syst\u00e8me \u00e9ducatif libanais, longtemps symbole de fiert\u00e9 nationale, est aujourd'hui au bord de l'effondrement, et de nombreux enfants...\t\t\t\t<\/span>\n\t\t\t\t<span class=\"gem-gallery-item-description\">\n\t\t\t\t\t\t\t\t\t<\/span>\n\t\t\t<\/span>\n\t\t\t\t\t\t\t\t<\/a>\n\t<\/div>\n<\/div>\n\n\t\t\t\t\t\t\t\t\t\t\t\n<div class=\"gem-gallery-item\">\n\t<div class=\"gem-gallery-item-image\">\n\t\t<a href=\"https:\/\/alamsuisse.org\/wp-content\/uploads\/2022\/12\/DSC0273-scaled-thegem-gallery-sidebar.jpg\"\n\t\t\tdata-full-image-url=\"https:\/\/alamsuisse.org\/wp-content\/uploads\/2022\/12\/DSC0273-scaled.jpg\"\n\t\t\tdata-elementor-open-lightbox=\"no\"\n\t\t\tdata-fancybox=\"gallery-69f44953a422c\">\n\t\t\t<svg class=\"arrow-mark\" width=\"20\" height=\"10\">\n\t\t\t\t<path d=\"M 0,10 Q 9,9 10,0 Q 11,9 20,10\"\/>\n\t\t\t<\/svg>\n\t\t\t<img src=\"https:\/\/alamsuisse.org\/wp-content\/uploads\/2022\/12\/DSC0273-scaled-thegem-post-thumb-small.jpg\"\n\t\t\t\t alt=\"DSC0273\" class=\"img-responsive\">\n\t\t\t<span class=\"gem-gallery-caption slide-info\">\n\t\t\t\t<span class=\"gem-gallery-item-title \">\n\t\t\t\t\thttps:\/\/www.youtube.com\/watch?v=v00FAzvtBw4 Le syst\u00e8me \u00e9ducatif libanais, longtemps symbole de fiert\u00e9 nationale, est aujourd'hui au bord de l'effondrement, et de nombreux enfants...\t\t\t\t<\/span>\n\t\t\t\t<span class=\"gem-gallery-item-description\">\n\t\t\t\t\t\t\t\t\t<\/span>\n\t\t\t<\/span>\n\t\t\t\t\t\t\t\t<\/a>\n\t<\/div>\n<\/div>\n\n\t\t\t\t\t\t\t\t\t\t\t\n<div class=\"gem-gallery-item\">\n\t<div class=\"gem-gallery-item-image\">\n\t\t<a href=\"https:\/\/alamsuisse.org\/wp-content\/uploads\/2022\/12\/DSC0363-scaled-thegem-gallery-sidebar.jpg\"\n\t\t\tdata-full-image-url=\"https:\/\/alamsuisse.org\/wp-content\/uploads\/2022\/12\/DSC0363-scaled.jpg\"\n\t\t\tdata-elementor-open-lightbox=\"no\"\n\t\t\tdata-fancybox=\"gallery-69f44953a422c\">\n\t\t\t<svg class=\"arrow-mark\" width=\"20\" height=\"10\">\n\t\t\t\t<path d=\"M 0,10 Q 9,9 10,0 Q 11,9 20,10\"\/>\n\t\t\t<\/svg>\n\t\t\t<img src=\"https:\/\/alamsuisse.org\/wp-content\/uploads\/2022\/12\/DSC0363-scaled-thegem-post-thumb-small.jpg\"\n\t\t\t\t alt=\"DSC0363\" class=\"img-responsive\">\n\t\t\t<span class=\"gem-gallery-caption slide-info\">\n\t\t\t\t<span class=\"gem-gallery-item-title \">\n\t\t\t\t\thttps:\/\/www.youtube.com\/watch?v=v00FAzvtBw4 Le syst\u00e8me \u00e9ducatif libanais, longtemps symbole de fiert\u00e9 nationale, est aujourd'hui au bord de l'effondrement, et de nombreux enfants...\t\t\t\t<\/span>\n\t\t\t\t<span class=\"gem-gallery-item-description\">\n\t\t\t\t\t\t\t\t\t<\/span>\n\t\t\t<\/span>\n\t\t\t\t\t\t\t\t<\/a>\n\t<\/div>\n<\/div>\n\n\t\t\t\t\t\t\t\t\t<\/div>\n\t\t\t\t\t\t<\/div>\n\t\t\t\t<\/div>\n\t\t\t\t\t<\/div>\n\t\t<\/div>\n\t\t\t\t\t<\/div><\/div>\r\n\t\t<\/section>\r\n\t\t\t\t<section class=\"elementor-section elementor-top-section elementor-element elementor-element-3841656 elementor-hidden-tablet elementor-section-boxed elementor-section-height-default elementor-section-height-default\" data-id=\"3841656\" data-element_type=\"section\" data-e-type=\"section\">\r\n\t\t\t\t\t\t<div class=\"elementor-container elementor-column-gap-thegem\"><div class=\"elementor-row\">\r\n\t\t\t\t\t<div class=\"elementor-column elementor-col-33 elementor-top-column elementor-element elementor-element-4855399\" data-id=\"4855399\" data-element_type=\"column\" data-e-type=\"column\">\n\t\t\t<div class=\"elementor-widget-wrap elementor-element-populated\">\n\t\t\t\t\t\t<div class=\"elementor-element elementor-element-b980964 flex-horizontal-align-default flex-horizontal-align-tablet-default flex-horizontal-align-mobile-default flex-vertical-align-default flex-vertical-align-tablet-default flex-vertical-align-mobile-default elementor-widget elementor-widget-text-editor\" data-id=\"b980964\" data-element_type=\"widget\" data-e-type=\"widget\" data-widget_type=\"text-editor.default\">\n\t\t\t\t<div class=\"elementor-widget-container\">\n\t\t\t\t\t\t\t\t\t\t\t\t<div class=\"elementor-text-editor elementor-clearfix\">\r\n\t\t\t\t\t\t<p>ALAM et Notre Dame de l&rsquo;Esp\u00e9rance ont jou\u00e9 un r\u00f4le important dans le maintien de cette \u00e9cole en couvrant les frais de scolarit\u00e9 de nombreux \u00e9l\u00e8ves qui \u00e9taient sur le point d&rsquo;abandonner l&rsquo;\u00e9cole.<\/p><p>Cependant, malgr\u00e9 l&rsquo;aide apport\u00e9e, de nombreux besoins restent \u00e0 satisfaire. Des \u00e9coles comme Saint Rita Dbayeh manquent d&rsquo;infrastructures de base et ont besoin de fonds pour moderniser des installations telles que des tableaux interactifs, des aires de r\u00e9cr\u00e9ation d&rsquo;hiver couvertes et des th\u00e9\u00e2tres.<\/p><p>Par ailleurs, de nombreux \u00e9tudiants ont encore besoin d&rsquo;un soutien car l&rsquo;\u00e9ducation seule n&rsquo;est pas la solution \u00e0 tous leurs probl\u00e8mes. Vivre dans des conditions de pauvret\u00e9 a incontestablement des r\u00e9percussions n\u00e9gatives sur les enfants, et l&rsquo;aide n\u00e9cessaire va bien au-del\u00e0 du simple paiement des frais de scolarit\u00e9.<\/p>\t\t\t\t\t\t\t<\/div>\r\n\t\t\t\t\t\t\t\t\t\t<\/div>\n\t\t\t\t<\/div>\n\t\t\t\t\t<\/div>\n\t\t<\/div>\n\t\t\t\t<div class=\"elementor-column elementor-col-66 elementor-top-column elementor-element elementor-element-afa87a1\" data-id=\"afa87a1\" data-element_type=\"column\" data-e-type=\"column\">\n\t\t\t<div class=\"elementor-widget-wrap elementor-element-populated\">\n\t\t\t\t\t\t<div class=\"elementor-element elementor-element-6872bb0 flex-horizontal-align-default flex-horizontal-align-tablet-default flex-horizontal-align-mobile-default flex-vertical-align-default flex-vertical-align-tablet-default flex-vertical-align-mobile-default elementor-widget elementor-widget-thegem-gallery-grid\" data-id=\"6872bb0\" data-element_type=\"widget\" data-e-type=\"widget\" data-settings=\"{&quot;thegem_elementor_preset&quot;:&quot;default&quot;,&quot;columns_desktop&quot;:&quot;3x&quot;,&quot;columns_tablet&quot;:&quot;2x&quot;,&quot;columns_mobile&quot;:&quot;1x&quot;,&quot;title_show&quot;:&quot;yes&quot;,&quot;description_show&quot;:&quot;yes&quot;,&quot;icon_show&quot;:&quot;yes&quot;,&quot;ajax_preloader_type&quot;:&quot;default&quot;,&quot;container_margin&quot;:{&quot;unit&quot;:&quot;px&quot;,&quot;size&quot;:16,&quot;sizes&quot;:[]},&quot;container_margin_tablet&quot;:{&quot;unit&quot;:&quot;px&quot;,&quot;size&quot;:&quot;&quot;,&quot;sizes&quot;:[]},&quot;container_margin_mobile&quot;:{&quot;unit&quot;:&quot;px&quot;,&quot;size&quot;:&quot;&quot;,&quot;sizes&quot;:[]}}\" data-widget_type=\"thegem-gallery-grid.default\">\n\t\t\t\t<div class=\"elementor-widget-container\">\n\t\t\t\t\t<div class=\"preloader save-space\"><div class=\"preloader-spin\"><\/div><\/div> <div class=\"gallery-preloader-wrapper\"> <div class=\"row\"> <div class=\"gem-gallery-grid gallery-style-masonry hover-default gaps-margin gallery-items-masonry columns-3 columns-tablet-2 columns-mobile-1 full-image \" data-uid=\"6872bb0\" data-hover=\"default\" data-filter=\"[]\"> <div class=\"portfolio not-fullwidth-block \"> <ul class=\"gallery-set clearfix\" data-max-row-height=\"\"> <li class=\"gallery-item gallery-0 col-xs-12 col-sm-6 col-md-4 single-icon post-38907 post type-post status-publish format-standard has-post-thumbnail category-education-fr\" style=\"padding: calc(16px\/2); \"> <div class=\"wrap gem-wrapbox gem-wrapbox-style-default\"> <div class=\"overlay-wrap\"> <div class=\"image-wrap \"> <picture> <img src=\"https:\/\/alamsuisse.org\/wp-content\/uploads\/2022\/12\/DSC0100-1-scaled-thegem-portfolio-masonry.jpg\" width=\"754\" height=\"503\" class=\"attachment-thegem-portfolio-masonry\" alt=\"_DSC0100 (1)\" \/> <\/picture> <\/div> <div class=\"overlay \"> <div class=\"overlay-circle\"><\/div> <a href=\"https:\/\/alamsuisse.org\/wp-content\/uploads\/2022\/12\/DSC0100-1-scaled.jpg\" class=\"gallery-item-link fancy-gallery\" data-fancybox=\"gallery-69f44953aa993\" data-elementor-open-lightbox=\"no\" aria-label=\"Fullsize Image: _DSC0100 (1)\"> <span class=\"slide-info\"> <\/span> <\/a> <div class=\"overlay-content\"> <div class=\"overlay-content-center\"> <div class=\"overlay-content-inner\"> <a href=\"https:\/\/alamsuisse.org\/wp-content\/uploads\/2022\/12\/DSC0100-1-scaled.jpg\" class=\"icon photo \" aria-label=\"Fullsize Image: _DSC0100 (1)\"> <i class=\"default\"><\/i> <\/a> <\/div> <\/div> <\/div> <\/div> <\/div> <\/div> <\/li> <li class=\"gallery-item gallery-0 col-xs-12 col-sm-6 col-md-4 single-icon post-38907 post type-post status-publish format-standard has-post-thumbnail category-education-fr\" style=\"padding: calc(16px\/2); \"> <div class=\"wrap gem-wrapbox gem-wrapbox-style-default\"> <div class=\"overlay-wrap\"> <div class=\"image-wrap \"> <picture> <img src=\"https:\/\/alamsuisse.org\/wp-content\/uploads\/2022\/12\/DSC0053-scaled-thegem-portfolio-masonry.jpg\" width=\"754\" height=\"503\" class=\"attachment-thegem-portfolio-masonry\" alt=\"_DSC0053\" \/> <\/picture> <\/div> <div class=\"overlay \"> <div class=\"overlay-circle\"><\/div> <a href=\"https:\/\/alamsuisse.org\/wp-content\/uploads\/2022\/12\/DSC0053-scaled.jpg\" class=\"gallery-item-link fancy-gallery\" data-fancybox=\"gallery-69f44953aa993\" data-elementor-open-lightbox=\"no\" aria-label=\"Fullsize Image: _DSC0053\"> <span class=\"slide-info\"> <\/span> <\/a> <div class=\"overlay-content\"> <div class=\"overlay-content-center\"> <div class=\"overlay-content-inner\"> <a href=\"https:\/\/alamsuisse.org\/wp-content\/uploads\/2022\/12\/DSC0053-scaled.jpg\" class=\"icon photo \" aria-label=\"Fullsize Image: _DSC0053\"> <i class=\"default\"><\/i> <\/a> <\/div> <\/div> <\/div> <\/div> <\/div> <\/div> <\/li> <li class=\"gallery-item gallery-0 col-xs-12 col-sm-6 col-md-4 single-icon post-38907 post type-post status-publish format-standard has-post-thumbnail category-education-fr\" style=\"padding: calc(16px\/2); \"> <div class=\"wrap gem-wrapbox gem-wrapbox-style-default\"> <div class=\"overlay-wrap\"> <div class=\"image-wrap \"> <picture> <img src=\"https:\/\/alamsuisse.org\/wp-content\/uploads\/2022\/12\/DSC0046-scaled-thegem-portfolio-masonry.jpg\" width=\"754\" height=\"503\" class=\"attachment-thegem-portfolio-masonry\" alt=\"_DSC0046\" \/> <\/picture> <\/div> <div class=\"overlay \"> <div class=\"overlay-circle\"><\/div> <a href=\"https:\/\/alamsuisse.org\/wp-content\/uploads\/2022\/12\/DSC0046-scaled.jpg\" class=\"gallery-item-link fancy-gallery\" data-fancybox=\"gallery-69f44953aa993\" data-elementor-open-lightbox=\"no\" aria-label=\"Fullsize Image: _DSC0046\"> <span class=\"slide-info\"> <\/span> <\/a> <div class=\"overlay-content\"> <div class=\"overlay-content-center\"> <div class=\"overlay-content-inner\"> <a href=\"https:\/\/alamsuisse.org\/wp-content\/uploads\/2022\/12\/DSC0046-scaled.jpg\" class=\"icon photo \" aria-label=\"Fullsize Image: _DSC0046\"> <i class=\"default\"><\/i> <\/a> <\/div> <\/div> <\/div> <\/div> <\/div> <\/div> <\/li> <li class=\"gallery-item gallery-0 col-xs-12 col-sm-6 col-md-4 single-icon post-38907 post type-post status-publish format-standard has-post-thumbnail category-education-fr\" style=\"padding: calc(16px\/2); \"> <div class=\"wrap gem-wrapbox gem-wrapbox-style-default\"> <div class=\"overlay-wrap\"> <div class=\"image-wrap \"> <picture> <img src=\"https:\/\/alamsuisse.org\/wp-content\/uploads\/2022\/12\/DSC0217-2-scaled-thegem-portfolio-masonry.jpg\" width=\"754\" height=\"503\" class=\"attachment-thegem-portfolio-masonry\" alt=\"_DSC0217 2\" \/> <\/picture> <\/div> <div class=\"overlay \"> <div class=\"overlay-circle\"><\/div> <a href=\"https:\/\/alamsuisse.org\/wp-content\/uploads\/2022\/12\/DSC0217-2-scaled.jpg\" class=\"gallery-item-link fancy-gallery\" data-fancybox=\"gallery-69f44953aa993\" data-elementor-open-lightbox=\"no\" aria-label=\"Fullsize Image: _DSC0217 2\"> <span class=\"slide-info\"> <\/span> <\/a> <div class=\"overlay-content\"> <div class=\"overlay-content-center\"> <div class=\"overlay-content-inner\"> <a href=\"https:\/\/alamsuisse.org\/wp-content\/uploads\/2022\/12\/DSC0217-2-scaled.jpg\" class=\"icon photo \" aria-label=\"Fullsize Image: _DSC0217 2\"> <i class=\"default\"><\/i> <\/a> <\/div> <\/div> <\/div> <\/div> <\/div> <\/div> <\/li> <li class=\"gallery-item gallery-0 col-xs-12 col-sm-6 col-md-4 single-icon post-38907 post type-post status-publish format-standard has-post-thumbnail category-education-fr\" style=\"padding: calc(16px\/2); \"> <div class=\"wrap gem-wrapbox gem-wrapbox-style-default\"> <div class=\"overlay-wrap\"> <div class=\"image-wrap \"> <picture> <img src=\"https:\/\/alamsuisse.org\/wp-content\/uploads\/2022\/12\/DSC0313-scaled-thegem-portfolio-masonry.jpg\" width=\"754\" height=\"503\" class=\"attachment-thegem-portfolio-masonry\" alt=\"_DSC0313\" \/> <\/picture> <\/div> <div class=\"overlay \"> <div class=\"overlay-circle\"><\/div> <a href=\"https:\/\/alamsuisse.org\/wp-content\/uploads\/2022\/12\/DSC0313-scaled.jpg\" class=\"gallery-item-link fancy-gallery\" data-fancybox=\"gallery-69f44953aa993\" data-elementor-open-lightbox=\"no\" aria-label=\"Fullsize Image: _DSC0313\"> <span class=\"slide-info\"> <\/span> <\/a> <div class=\"overlay-content\"> <div class=\"overlay-content-center\"> <div class=\"overlay-content-inner\"> <a href=\"https:\/\/alamsuisse.org\/wp-content\/uploads\/2022\/12\/DSC0313-scaled.jpg\" class=\"icon photo \" aria-label=\"Fullsize Image: _DSC0313\"> <i class=\"default\"><\/i> <\/a> <\/div> <\/div> <\/div> <\/div> <\/div> <\/div> <\/li> <li class=\"gallery-item gallery-0 col-xs-12 col-sm-6 col-md-4 single-icon post-38907 post type-post status-publish format-standard has-post-thumbnail category-education-fr\" style=\"padding: calc(16px\/2); \"> <div class=\"wrap gem-wrapbox gem-wrapbox-style-default\"> <div class=\"overlay-wrap\"> <div class=\"image-wrap \"> <picture> <img src=\"https:\/\/alamsuisse.org\/wp-content\/uploads\/2022\/12\/DSC0289-scaled-thegem-portfolio-masonry.jpg\" width=\"754\" height=\"503\" class=\"attachment-thegem-portfolio-masonry\" alt=\"_DSC0289\" \/> <\/picture> <\/div> <div class=\"overlay \"> <div class=\"overlay-circle\"><\/div> <a href=\"https:\/\/alamsuisse.org\/wp-content\/uploads\/2022\/12\/DSC0289-scaled.jpg\" class=\"gallery-item-link fancy-gallery\" data-fancybox=\"gallery-69f44953aa993\" data-elementor-open-lightbox=\"no\" aria-label=\"Fullsize Image: _DSC0289\"> <span class=\"slide-info\"> <\/span> <\/a> <div class=\"overlay-content\"> <div class=\"overlay-content-center\"> <div class=\"overlay-content-inner\"> <a href=\"https:\/\/alamsuisse.org\/wp-content\/uploads\/2022\/12\/DSC0289-scaled.jpg\" class=\"icon photo \" aria-label=\"Fullsize Image: _DSC0289\"> <i class=\"default\"><\/i> <\/a> <\/div> <\/div> <\/div> <\/div> <\/div> <\/div> <\/li> <\/ul> <div class=\"portfolio-item-size-container\"> <li class=\"gallery-item size-item col-xs-12 col-sm-6 col-md-4 post-38907 post type-post status-publish format-standard has-post-thumbnail category-education-fr\" style=\"padding: calc(16px\/2); \"> <\/li> <\/div> <\/div> <\/div> <\/div> <\/div>\t\t\t\t<\/div>\n\t\t\t\t<\/div>\n\t\t\t\t\t<\/div>\n\t\t<\/div>\n\t\t\t\t\t<\/div><\/div>\r\n\t\t<\/section>\r\n\t\t\t\t<section class=\"elementor-section elementor-top-section elementor-element elementor-element-c7fa4ea elementor-hidden-desktop elementor-hidden-mobile elementor-section-boxed elementor-section-height-default elementor-section-height-default\" data-id=\"c7fa4ea\" data-element_type=\"section\" data-e-type=\"section\">\r\n\t\t\t\t\t\t<div class=\"elementor-container elementor-column-gap-thegem\"><div class=\"elementor-row\">\r\n\t\t\t\t\t<div class=\"elementor-column elementor-col-100 elementor-top-column elementor-element elementor-element-4a7167e\" data-id=\"4a7167e\" data-element_type=\"column\" data-e-type=\"column\">\n\t\t\t<div class=\"elementor-widget-wrap elementor-element-populated\">\n\t\t\t\t\t\t<div class=\"elementor-element elementor-element-1e97d72 flex-horizontal-align-default flex-horizontal-align-tablet-default flex-horizontal-align-mobile-default flex-vertical-align-default flex-vertical-align-tablet-default flex-vertical-align-mobile-default elementor-widget elementor-widget-text-editor\" data-id=\"1e97d72\" data-element_type=\"widget\" data-e-type=\"widget\" data-widget_type=\"text-editor.default\">\n\t\t\t\t<div class=\"elementor-widget-container\">\n\t\t\t\t\t\t\t\t\t\t\t\t<div class=\"elementor-text-editor elementor-clearfix\">\r\n\t\t\t\t\t\t<p>ALAM et Notre Dame de l&rsquo;Esp\u00e9rance ont jou\u00e9 un r\u00f4le important dans le maintien de cette \u00e9cole en couvrant les frais de scolarit\u00e9 de nombreux \u00e9l\u00e8ves qui \u00e9taient sur le point d&rsquo;abandonner l&rsquo;\u00e9cole.<\/p><p>Cependant, malgr\u00e9 l&rsquo;aide apport\u00e9e, de nombreux besoins restent \u00e0 satisfaire. Des \u00e9coles comme Saint Rita Dbayeh manquent d&rsquo;infrastructures de base et ont besoin de fonds pour moderniser des installations telles que des tableaux interactifs, des aires de r\u00e9cr\u00e9ation d&rsquo;hiver couvertes et des th\u00e9\u00e2tres.<\/p><p>Par ailleurs, de nombreux \u00e9tudiants ont encore besoin d&rsquo;un soutien car l&rsquo;\u00e9ducation seule n&rsquo;est pas la solution \u00e0 tous leurs probl\u00e8mes. Vivre dans des conditions de pauvret\u00e9 a incontestablement des r\u00e9percussions n\u00e9gatives sur les enfants, et l&rsquo;aide n\u00e9cessaire va bien au-del\u00e0 du simple paiement des frais de scolarit\u00e9.<\/p>\t\t\t\t\t\t\t<\/div>\r\n\t\t\t\t\t\t\t\t\t\t<\/div>\n\t\t\t\t<\/div>\n\t\t\t\t\t<\/div>\n\t\t<\/div>\n\t\t\t\t\t<\/div><\/div>\r\n\t\t<\/section>\r\n\t\t\t\t<section class=\"elementor-section elementor-top-section elementor-element elementor-element-144006f elementor-hidden-desktop elementor-hidden-mobile elementor-section-boxed elementor-section-height-default elementor-section-height-default\" data-id=\"144006f\" data-element_type=\"section\" data-e-type=\"section\">\r\n\t\t\t\t\t\t<div class=\"elementor-container elementor-column-gap-thegem\"><div class=\"elementor-row\">\r\n\t\t\t\t\t<div class=\"elementor-column elementor-col-100 elementor-top-column elementor-element elementor-element-9b8b7e4\" data-id=\"9b8b7e4\" data-element_type=\"column\" data-e-type=\"column\">\n\t\t\t<div class=\"elementor-widget-wrap elementor-element-populated\">\n\t\t\t\t\t\t<div class=\"elementor-element elementor-element-2f66843 flex-horizontal-align-default flex-horizontal-align-tablet-default flex-horizontal-align-mobile-default flex-vertical-align-default flex-vertical-align-tablet-default flex-vertical-align-mobile-default elementor-widget elementor-widget-thegem-gallery-grid\" data-id=\"2f66843\" data-element_type=\"widget\" data-e-type=\"widget\" data-settings=\"{&quot;thegem_elementor_preset&quot;:&quot;default&quot;,&quot;columns_desktop&quot;:&quot;3x&quot;,&quot;columns_tablet&quot;:&quot;2x&quot;,&quot;columns_mobile&quot;:&quot;1x&quot;,&quot;title_show&quot;:&quot;yes&quot;,&quot;description_show&quot;:&quot;yes&quot;,&quot;icon_show&quot;:&quot;yes&quot;,&quot;ajax_preloader_type&quot;:&quot;default&quot;,&quot;container_margin&quot;:{&quot;unit&quot;:&quot;px&quot;,&quot;size&quot;:16,&quot;sizes&quot;:[]},&quot;container_margin_tablet&quot;:{&quot;unit&quot;:&quot;px&quot;,&quot;size&quot;:&quot;&quot;,&quot;sizes&quot;:[]},&quot;container_margin_mobile&quot;:{&quot;unit&quot;:&quot;px&quot;,&quot;size&quot;:&quot;&quot;,&quot;sizes&quot;:[]}}\" data-widget_type=\"thegem-gallery-grid.default\">\n\t\t\t\t<div class=\"elementor-widget-container\">\n\t\t\t\t\t<div class=\"preloader save-space\"><div class=\"preloader-spin\"><\/div><\/div> <div class=\"gallery-preloader-wrapper\"> <div class=\"row\"> <div class=\"gem-gallery-grid gallery-style-masonry hover-default gaps-margin gallery-items-masonry columns-3 columns-tablet-2 columns-mobile-1 full-image \" data-uid=\"2f66843\" data-hover=\"default\" data-filter=\"[]\"> <div class=\"portfolio not-fullwidth-block \"> <ul class=\"gallery-set clearfix\" data-max-row-height=\"\"> <li class=\"gallery-item gallery-0 col-xs-12 col-sm-6 col-md-4 single-icon post-38907 post type-post status-publish format-standard has-post-thumbnail category-education-fr\" style=\"padding: calc(16px\/2); \"> <div class=\"wrap gem-wrapbox gem-wrapbox-style-default\"> <div class=\"overlay-wrap\"> <div class=\"image-wrap \"> <picture> <img src=\"https:\/\/alamsuisse.org\/wp-content\/uploads\/2022\/12\/DSC0100-1-scaled-thegem-portfolio-masonry.jpg\" width=\"754\" height=\"503\" class=\"attachment-thegem-portfolio-masonry\" alt=\"_DSC0100 (1)\" \/> <\/picture> <\/div> <div class=\"overlay \"> <div class=\"overlay-circle\"><\/div> <a href=\"https:\/\/alamsuisse.org\/wp-content\/uploads\/2022\/12\/DSC0100-1-scaled.jpg\" class=\"gallery-item-link fancy-gallery\" data-fancybox=\"gallery-69f44953b1830\" data-elementor-open-lightbox=\"no\" aria-label=\"Fullsize Image: _DSC0100 (1)\"> <span class=\"slide-info\"> <\/span> <\/a> <div class=\"overlay-content\"> <div class=\"overlay-content-center\"> <div class=\"overlay-content-inner\"> <a href=\"https:\/\/alamsuisse.org\/wp-content\/uploads\/2022\/12\/DSC0100-1-scaled.jpg\" class=\"icon photo \" aria-label=\"Fullsize Image: _DSC0100 (1)\"> <i class=\"default\"><\/i> <\/a> <\/div> <\/div> <\/div> <\/div> <\/div> <\/div> <\/li> <li class=\"gallery-item gallery-0 col-xs-12 col-sm-6 col-md-4 single-icon post-38907 post type-post status-publish format-standard has-post-thumbnail category-education-fr\" style=\"padding: calc(16px\/2); \"> <div class=\"wrap gem-wrapbox gem-wrapbox-style-default\"> <div class=\"overlay-wrap\"> <div class=\"image-wrap \"> <picture> <img src=\"https:\/\/alamsuisse.org\/wp-content\/uploads\/2022\/12\/DSC0053-scaled-thegem-portfolio-masonry.jpg\" width=\"754\" height=\"503\" class=\"attachment-thegem-portfolio-masonry\" alt=\"_DSC0053\" \/> <\/picture> <\/div> <div class=\"overlay \"> <div class=\"overlay-circle\"><\/div> <a href=\"https:\/\/alamsuisse.org\/wp-content\/uploads\/2022\/12\/DSC0053-scaled.jpg\" class=\"gallery-item-link fancy-gallery\" data-fancybox=\"gallery-69f44953b1830\" data-elementor-open-lightbox=\"no\" aria-label=\"Fullsize Image: _DSC0053\"> <span class=\"slide-info\"> <\/span> <\/a> <div class=\"overlay-content\"> <div class=\"overlay-content-center\"> <div class=\"overlay-content-inner\"> <a href=\"https:\/\/alamsuisse.org\/wp-content\/uploads\/2022\/12\/DSC0053-scaled.jpg\" class=\"icon photo \" aria-label=\"Fullsize Image: _DSC0053\"> <i class=\"default\"><\/i> <\/a> <\/div> <\/div> <\/div> <\/div> <\/div> <\/div> <\/li> <li class=\"gallery-item gallery-0 col-xs-12 col-sm-6 col-md-4 single-icon post-38907 post type-post status-publish format-standard has-post-thumbnail category-education-fr\" style=\"padding: calc(16px\/2); \"> <div class=\"wrap gem-wrapbox gem-wrapbox-style-default\"> <div class=\"overlay-wrap\"> <div class=\"image-wrap \"> <picture> <img src=\"https:\/\/alamsuisse.org\/wp-content\/uploads\/2022\/12\/DSC0046-scaled-thegem-portfolio-masonry.jpg\" width=\"754\" height=\"503\" class=\"attachment-thegem-portfolio-masonry\" alt=\"_DSC0046\" \/> <\/picture> <\/div> <div class=\"overlay \"> <div class=\"overlay-circle\"><\/div> <a href=\"https:\/\/alamsuisse.org\/wp-content\/uploads\/2022\/12\/DSC0046-scaled.jpg\" class=\"gallery-item-link fancy-gallery\" data-fancybox=\"gallery-69f44953b1830\" data-elementor-open-lightbox=\"no\" aria-label=\"Fullsize Image: _DSC0046\"> <span class=\"slide-info\"> <\/span> <\/a> <div class=\"overlay-content\"> <div class=\"overlay-content-center\"> <div class=\"overlay-content-inner\"> <a href=\"https:\/\/alamsuisse.org\/wp-content\/uploads\/2022\/12\/DSC0046-scaled.jpg\" class=\"icon photo \" aria-label=\"Fullsize Image: _DSC0046\"> <i class=\"default\"><\/i> <\/a> <\/div> <\/div> <\/div> <\/div> <\/div> <\/div> <\/li> <li class=\"gallery-item gallery-0 col-xs-12 col-sm-6 col-md-4 single-icon post-38907 post type-post status-publish format-standard has-post-thumbnail category-education-fr\" style=\"padding: calc(16px\/2); \"> <div class=\"wrap gem-wrapbox gem-wrapbox-style-default\"> <div class=\"overlay-wrap\"> <div class=\"image-wrap \"> <picture> <img src=\"https:\/\/alamsuisse.org\/wp-content\/uploads\/2022\/12\/DSC0217-2-scaled-thegem-portfolio-masonry.jpg\" width=\"754\" height=\"503\" class=\"attachment-thegem-portfolio-masonry\" alt=\"_DSC0217 2\" \/> <\/picture> <\/div> <div class=\"overlay \"> <div class=\"overlay-circle\"><\/div> <a href=\"https:\/\/alamsuisse.org\/wp-content\/uploads\/2022\/12\/DSC0217-2-scaled.jpg\" class=\"gallery-item-link fancy-gallery\" data-fancybox=\"gallery-69f44953b1830\" data-elementor-open-lightbox=\"no\" aria-label=\"Fullsize Image: _DSC0217 2\"> <span class=\"slide-info\"> <\/span> <\/a> <div class=\"overlay-content\"> <div class=\"overlay-content-center\"> <div class=\"overlay-content-inner\"> <a href=\"https:\/\/alamsuisse.org\/wp-content\/uploads\/2022\/12\/DSC0217-2-scaled.jpg\" class=\"icon photo \" aria-label=\"Fullsize Image: _DSC0217 2\"> <i class=\"default\"><\/i> <\/a> <\/div> <\/div> <\/div> <\/div> <\/div> <\/div> <\/li> <li class=\"gallery-item gallery-0 col-xs-12 col-sm-6 col-md-4 single-icon post-38907 post type-post status-publish format-standard has-post-thumbnail category-education-fr\" style=\"padding: calc(16px\/2); \"> <div class=\"wrap gem-wrapbox gem-wrapbox-style-default\"> <div class=\"overlay-wrap\"> <div class=\"image-wrap \"> <picture> <img src=\"https:\/\/alamsuisse.org\/wp-content\/uploads\/2022\/12\/DSC0313-scaled-thegem-portfolio-masonry.jpg\" width=\"754\" height=\"503\" class=\"attachment-thegem-portfolio-masonry\" alt=\"_DSC0313\" \/> <\/picture> <\/div> <div class=\"overlay \"> <div class=\"overlay-circle\"><\/div> <a href=\"https:\/\/alamsuisse.org\/wp-content\/uploads\/2022\/12\/DSC0313-scaled.jpg\" class=\"gallery-item-link fancy-gallery\" data-fancybox=\"gallery-69f44953b1830\" data-elementor-open-lightbox=\"no\" aria-label=\"Fullsize Image: _DSC0313\"> <span class=\"slide-info\"> <\/span> <\/a> <div class=\"overlay-content\"> <div class=\"overlay-content-center\"> <div class=\"overlay-content-inner\"> <a href=\"https:\/\/alamsuisse.org\/wp-content\/uploads\/2022\/12\/DSC0313-scaled.jpg\" class=\"icon photo \" aria-label=\"Fullsize Image: _DSC0313\"> <i class=\"default\"><\/i> <\/a> <\/div> <\/div> <\/div> <\/div> <\/div> <\/div> <\/li> <li class=\"gallery-item gallery-0 col-xs-12 col-sm-6 col-md-4 single-icon post-38907 post type-post status-publish format-standard has-post-thumbnail category-education-fr\" style=\"padding: calc(16px\/2); \"> <div class=\"wrap gem-wrapbox gem-wrapbox-style-default\"> <div class=\"overlay-wrap\"> <div class=\"image-wrap \"> <picture> <img src=\"https:\/\/alamsuisse.org\/wp-content\/uploads\/2022\/12\/DSC0289-scaled-thegem-portfolio-masonry.jpg\" width=\"754\" height=\"503\" class=\"attachment-thegem-portfolio-masonry\" alt=\"_DSC0289\" \/> <\/picture> <\/div> <div class=\"overlay \"> <div class=\"overlay-circle\"><\/div> <a href=\"https:\/\/alamsuisse.org\/wp-content\/uploads\/2022\/12\/DSC0289-scaled.jpg\" class=\"gallery-item-link fancy-gallery\" data-fancybox=\"gallery-69f44953b1830\" data-elementor-open-lightbox=\"no\" aria-label=\"Fullsize Image: _DSC0289\"> <span class=\"slide-info\"> <\/span> <\/a> <div class=\"overlay-content\"> <div class=\"overlay-content-center\"> <div class=\"overlay-content-inner\"> <a href=\"https:\/\/alamsuisse.org\/wp-content\/uploads\/2022\/12\/DSC0289-scaled.jpg\" class=\"icon photo \" aria-label=\"Fullsize Image: _DSC0289\"> <i class=\"default\"><\/i> <\/a> <\/div> <\/div> <\/div> <\/div> <\/div> <\/div> <\/li> <\/ul> <div class=\"portfolio-item-size-container\"> <li class=\"gallery-item size-item col-xs-12 col-sm-6 col-md-4 post-38907 post type-post status-publish format-standard has-post-thumbnail category-education-fr\" style=\"padding: calc(16px\/2); \"> <\/li> <\/div> <\/div> <\/div> <\/div> <\/div>\t\t\t\t<\/div>\n\t\t\t\t<\/div>\n\t\t\t\t\t<\/div>\n\t\t<\/div>\n\t\t\t\t\t<\/div><\/div>\r\n\t\t<\/section>\r\n\t\t\t\t<section class=\"elementor-section elementor-top-section elementor-element elementor-element-3b5d7f2 elementor-section-boxed elementor-section-height-default elementor-section-height-default\" data-id=\"3b5d7f2\" data-element_type=\"section\" data-e-type=\"section\">\r\n\t\t\t\t\t\t<div class=\"elementor-container elementor-column-gap-thegem\"><div class=\"elementor-row\">\r\n\t\t\t\t\t<div class=\"elementor-column elementor-col-16 elementor-top-column elementor-element elementor-element-bf55bd9\" data-id=\"bf55bd9\" data-element_type=\"column\" data-e-type=\"column\">\n\t\t\t<div class=\"elementor-widget-wrap\">\n\t\t\t\t\t\t\t<\/div>\n\t\t<\/div>\n\t\t\t\t<div class=\"elementor-column elementor-col-66 elementor-top-column elementor-element elementor-element-3eea9ea\" data-id=\"3eea9ea\" data-element_type=\"column\" data-e-type=\"column\">\n\t\t\t<div class=\"elementor-widget-wrap elementor-element-populated\">\n\t\t\t\t\t\t<div class=\"elementor-element elementor-element-385f56a flex-horizontal-align-default flex-horizontal-align-tablet-default flex-horizontal-align-mobile-default flex-vertical-align-default flex-vertical-align-tablet-default flex-vertical-align-mobile-default elementor-widget elementor-widget-thegem-quoted-text\" data-id=\"385f56a\" data-element_type=\"widget\" data-e-type=\"widget\" data-settings=\"{&quot;thegem_elementor_preset&quot;:&quot;style-2&quot;}\" data-widget_type=\"thegem-quoted-text.default\">\n\t\t\t\t<div class=\"elementor-widget-container\">\n\t\t\t\t\t<div class=\"gem-quote gem-quote-style-2 default-background\">\n\t<blockquote class=\"gem-text-output\"><p>La demande de soutien reste \u00e9lev\u00e9e et ALAM continuera \u00e0 jouer un r\u00f4le crucial en veillant \u00e0 ce que les enfants libanais aient acc\u00e8s \u00e0 l'\u00e9ducation et se sentent en s\u00e9curit\u00e9 en ce qui concerne l'alimentation, l'assainissement, les soins de sant\u00e9 et le logement.<\/p><p>\u00a0<\/p><p>Avec l'aide de donateurs du monde entier,<br \/>nous pouvons construire un avenir meilleur pour le Liban et ses citoyens.<\/p><\/blockquote>\n<\/div>\n\t\t\t\t<\/div>\n\t\t\t\t<\/div>\n\t\t\t\t\t<\/div>\n\t\t<\/div>\n\t\t\t\t<div class=\"elementor-column elementor-col-16 elementor-top-column elementor-element elementor-element-0db6908\" data-id=\"0db6908\" data-element_type=\"column\" data-e-type=\"column\">\n\t\t\t<div class=\"elementor-widget-wrap\">\n\t\t\t\t\t\t\t<\/div>\n\t\t<\/div>\n\t\t\t\t\t<\/div><\/div>\r\n\t\t<\/section>\r\n\t\t\t\t<section class=\"elementor-section elementor-top-section elementor-element elementor-element-80d0d78 elementor-section-boxed elementor-section-height-default elementor-section-height-default\" data-id=\"80d0d78\" data-element_type=\"section\" data-e-type=\"section\">\r\n\t\t\t\t\t\t<div class=\"elementor-container elementor-column-gap-thegem\"><div class=\"elementor-row\">\r\n\t\t\t\t\t<div class=\"elementor-column elementor-col-100 elementor-top-column elementor-element elementor-element-8449393\" data-id=\"8449393\" data-element_type=\"column\" data-e-type=\"column\">\n\t\t\t<div class=\"elementor-widget-wrap elementor-element-populated\">\n\t\t\t\t\t\t<div class=\"elementor-element elementor-element-46796a8 flex-horizontal-align-default flex-horizontal-align-tablet-default flex-horizontal-align-mobile-default flex-vertical-align-default flex-vertical-align-tablet-default flex-vertical-align-mobile-default elementor-widget elementor-widget-thegem-gallery-slider\" data-id=\"46796a8\" data-element_type=\"widget\" data-e-type=\"widget\" data-widget_type=\"thegem-gallery-slider.default\">\n\t\t\t\t<div class=\"elementor-widget-container\">\n\t\t\t\t\t\n\t\t<div class=\"preloader\">\n\t\t\t<div class=\"preloader-spin\"><\/div>\n\t\t<\/div>\n\t\t<div class=\"gem-gallery gem-gallery-hover-zooming-blur  \" data-autoscroll=\"2500\">\n\t\t\t\t\t\t\t\n<div class=\"gem-gallery-item\">\n\t<div class=\"gem-gallery-item-image\">\n\t\t<a href=\"https:\/\/alamsuisse.org\/wp-content\/uploads\/2022\/12\/DSC0353-scaled-thegem-gallery-sidebar.jpg\"\n\t\t\tdata-full-image-url=\"https:\/\/alamsuisse.org\/wp-content\/uploads\/2022\/12\/DSC0353-scaled.jpg\"\n\t\t\tdata-elementor-open-lightbox=\"no\"\n\t\t\tdata-fancybox=\"gallery-69f44953b30c1\">\n\t\t\t<svg class=\"arrow-mark\" width=\"20\" height=\"10\">\n\t\t\t\t<path d=\"M 0,10 Q 9,9 10,0 Q 11,9 20,10\"\/>\n\t\t\t<\/svg>\n\t\t\t<img src=\"https:\/\/alamsuisse.org\/wp-content\/uploads\/2022\/12\/DSC0353-scaled-thegem-post-thumb-small.jpg\"\n\t\t\t\t alt=\"_DSC0353\" class=\"img-responsive\">\n\t\t\t<span class=\"gem-gallery-caption slide-info\">\n\t\t\t\t<span class=\"gem-gallery-item-title \">\n\t\t\t\t\thttps:\/\/www.youtube.com\/watch?v=v00FAzvtBw4 Le syst\u00e8me \u00e9ducatif libanais, longtemps symbole de fiert\u00e9 nationale, est aujourd'hui au bord de l'effondrement, et de nombreux enfants...\t\t\t\t<\/span>\n\t\t\t\t<span class=\"gem-gallery-item-description\">\n\t\t\t\t\t\t\t\t\t<\/span>\n\t\t\t<\/span>\n\t\t\t\t\t\t\t\t<\/a>\n\t<\/div>\n<\/div>\n\n\t\t\t\t\t\t\t\t\t\t\t\n<div class=\"gem-gallery-item\">\n\t<div class=\"gem-gallery-item-image\">\n\t\t<a href=\"https:\/\/alamsuisse.org\/wp-content\/uploads\/2022\/12\/DSC0234-scaled-thegem-gallery-sidebar.jpg\"\n\t\t\tdata-full-image-url=\"https:\/\/alamsuisse.org\/wp-content\/uploads\/2022\/12\/DSC0234-scaled.jpg\"\n\t\t\tdata-elementor-open-lightbox=\"no\"\n\t\t\tdata-fancybox=\"gallery-69f44953b30c1\">\n\t\t\t<svg class=\"arrow-mark\" width=\"20\" height=\"10\">\n\t\t\t\t<path d=\"M 0,10 Q 9,9 10,0 Q 11,9 20,10\"\/>\n\t\t\t<\/svg>\n\t\t\t<img src=\"https:\/\/alamsuisse.org\/wp-content\/uploads\/2022\/12\/DSC0234-scaled-thegem-post-thumb-small.jpg\"\n\t\t\t\t alt=\"_DSC0234\" class=\"img-responsive\">\n\t\t\t<span class=\"gem-gallery-caption slide-info\">\n\t\t\t\t<span class=\"gem-gallery-item-title \">\n\t\t\t\t\thttps:\/\/www.youtube.com\/watch?v=v00FAzvtBw4 Le syst\u00e8me \u00e9ducatif libanais, longtemps symbole de fiert\u00e9 nationale, est aujourd'hui au bord de l'effondrement, et de nombreux enfants...\t\t\t\t<\/span>\n\t\t\t\t<span class=\"gem-gallery-item-description\">\n\t\t\t\t\t\t\t\t\t<\/span>\n\t\t\t<\/span>\n\t\t\t\t\t\t\t\t<\/a>\n\t<\/div>\n<\/div>\n\n\t\t\t\t\t\t\t\t\t\t\t\n<div class=\"gem-gallery-item\">\n\t<div class=\"gem-gallery-item-image\">\n\t\t<a href=\"https:\/\/alamsuisse.org\/wp-content\/uploads\/2022\/12\/DSC0210-scaled-thegem-gallery-sidebar.jpg\"\n\t\t\tdata-full-image-url=\"https:\/\/alamsuisse.org\/wp-content\/uploads\/2022\/12\/DSC0210-scaled.jpg\"\n\t\t\tdata-elementor-open-lightbox=\"no\"\n\t\t\tdata-fancybox=\"gallery-69f44953b30c1\">\n\t\t\t<svg class=\"arrow-mark\" width=\"20\" height=\"10\">\n\t\t\t\t<path d=\"M 0,10 Q 9,9 10,0 Q 11,9 20,10\"\/>\n\t\t\t<\/svg>\n\t\t\t<img src=\"https:\/\/alamsuisse.org\/wp-content\/uploads\/2022\/12\/DSC0210-scaled-thegem-post-thumb-small.jpg\"\n\t\t\t\t alt=\"_DSC0210\" class=\"img-responsive\">\n\t\t\t<span class=\"gem-gallery-caption slide-info\">\n\t\t\t\t<span class=\"gem-gallery-item-title \">\n\t\t\t\t\thttps:\/\/www.youtube.com\/watch?v=v00FAzvtBw4 Le syst\u00e8me \u00e9ducatif libanais, longtemps symbole de fiert\u00e9 nationale, est aujourd'hui au bord de l'effondrement, et de nombreux enfants...\t\t\t\t<\/span>\n\t\t\t\t<span class=\"gem-gallery-item-description\">\n\t\t\t\t\t\t\t\t\t<\/span>\n\t\t\t<\/span>\n\t\t\t\t\t\t\t\t<\/a>\n\t<\/div>\n<\/div>\n\n\t\t\t\t\t\t\t\t\t\t\t\n<div class=\"gem-gallery-item\">\n\t<div class=\"gem-gallery-item-image\">\n\t\t<a href=\"https:\/\/alamsuisse.org\/wp-content\/uploads\/2022\/12\/DSC0247-scaled-thegem-gallery-sidebar.jpg\"\n\t\t\tdata-full-image-url=\"https:\/\/alamsuisse.org\/wp-content\/uploads\/2022\/12\/DSC0247-scaled.jpg\"\n\t\t\tdata-elementor-open-lightbox=\"no\"\n\t\t\tdata-fancybox=\"gallery-69f44953b30c1\">\n\t\t\t<svg class=\"arrow-mark\" width=\"20\" height=\"10\">\n\t\t\t\t<path d=\"M 0,10 Q 9,9 10,0 Q 11,9 20,10\"\/>\n\t\t\t<\/svg>\n\t\t\t<img src=\"https:\/\/alamsuisse.org\/wp-content\/uploads\/2022\/12\/DSC0247-scaled-thegem-post-thumb-small.jpg\"\n\t\t\t\t alt=\"_DSC0247\" class=\"img-responsive\">\n\t\t\t<span class=\"gem-gallery-caption slide-info\">\n\t\t\t\t<span class=\"gem-gallery-item-title \">\n\t\t\t\t\thttps:\/\/www.youtube.com\/watch?v=v00FAzvtBw4 Le syst\u00e8me \u00e9ducatif libanais, longtemps symbole de fiert\u00e9 nationale, est aujourd'hui au bord de l'effondrement, et de nombreux enfants...\t\t\t\t<\/span>\n\t\t\t\t<span class=\"gem-gallery-item-description\">\n\t\t\t\t\t\t\t\t\t<\/span>\n\t\t\t<\/span>\n\t\t\t\t\t\t\t\t<\/a>\n\t<\/div>\n<\/div>\n\n\t\t\t\t\t\t\t\t\t\t\t\n<div class=\"gem-gallery-item\">\n\t<div class=\"gem-gallery-item-image\">\n\t\t<a href=\"https:\/\/alamsuisse.org\/wp-content\/uploads\/2022\/12\/DSC0336-scaled-thegem-gallery-sidebar.jpg\"\n\t\t\tdata-full-image-url=\"https:\/\/alamsuisse.org\/wp-content\/uploads\/2022\/12\/DSC0336-scaled.jpg\"\n\t\t\tdata-elementor-open-lightbox=\"no\"\n\t\t\tdata-fancybox=\"gallery-69f44953b30c1\">\n\t\t\t<svg class=\"arrow-mark\" width=\"20\" height=\"10\">\n\t\t\t\t<path d=\"M 0,10 Q 9,9 10,0 Q 11,9 20,10\"\/>\n\t\t\t<\/svg>\n\t\t\t<img src=\"https:\/\/alamsuisse.org\/wp-content\/uploads\/2022\/12\/DSC0336-scaled-thegem-post-thumb-small.jpg\"\n\t\t\t\t alt=\"_DSC0336\" class=\"img-responsive\">\n\t\t\t<span class=\"gem-gallery-caption slide-info\">\n\t\t\t\t<span class=\"gem-gallery-item-title \">\n\t\t\t\t\thttps:\/\/www.youtube.com\/watch?v=v00FAzvtBw4 Le syst\u00e8me \u00e9ducatif libanais, longtemps symbole de fiert\u00e9 nationale, est aujourd'hui au bord de l'effondrement, et de nombreux enfants...\t\t\t\t<\/span>\n\t\t\t\t<span class=\"gem-gallery-item-description\">\n\t\t\t\t\t\t\t\t\t<\/span>\n\t\t\t<\/span>\n\t\t\t\t\t\t\t\t<\/a>\n\t<\/div>\n<\/div>\n\n\t\t\t\t\t\t\t\t\t\t\t\n<div class=\"gem-gallery-item\">\n\t<div class=\"gem-gallery-item-image\">\n\t\t<a href=\"https:\/\/alamsuisse.org\/wp-content\/uploads\/2022\/12\/DSC0253-scaled-thegem-gallery-sidebar.jpg\"\n\t\t\tdata-full-image-url=\"https:\/\/alamsuisse.org\/wp-content\/uploads\/2022\/12\/DSC0253-scaled.jpg\"\n\t\t\tdata-elementor-open-lightbox=\"no\"\n\t\t\tdata-fancybox=\"gallery-69f44953b30c1\">\n\t\t\t<svg class=\"arrow-mark\" width=\"20\" height=\"10\">\n\t\t\t\t<path d=\"M 0,10 Q 9,9 10,0 Q 11,9 20,10\"\/>\n\t\t\t<\/svg>\n\t\t\t<img src=\"https:\/\/alamsuisse.org\/wp-content\/uploads\/2022\/12\/DSC0253-scaled-thegem-post-thumb-small.jpg\"\n\t\t\t\t alt=\"_DSC0253\" class=\"img-responsive\">\n\t\t\t<span class=\"gem-gallery-caption slide-info\">\n\t\t\t\t<span class=\"gem-gallery-item-title \">\n\t\t\t\t\thttps:\/\/www.youtube.com\/watch?v=v00FAzvtBw4 Le syst\u00e8me \u00e9ducatif libanais, longtemps symbole de fiert\u00e9 nationale, est aujourd'hui au bord de l'effondrement, et de nombreux enfants...\t\t\t\t<\/span>\n\t\t\t\t<span class=\"gem-gallery-item-description\">\n\t\t\t\t\t\t\t\t\t<\/span>\n\t\t\t<\/span>\n\t\t\t\t\t\t\t\t<\/a>\n\t<\/div>\n<\/div>\n\n\t\t\t\t\t\t\t\t\t<\/div>\n\t\t\t\t\t\t<\/div>\n\t\t\t\t<\/div>\n\t\t\t\t\t<\/div>\n\t\t<\/div>\n\t\t\t\t\t<\/div><\/div>\r\n\t\t<\/section>\r\n\t\t\t\t<\/div>\n\t\t","protected":false},"excerpt":{"rendered":"<p>Soutien financier \u00e0 250 \u00e9tudiants<br \/>\nen partenariat avec la Fondation Notre-Dame de l&rsquo;Esp\u00e9rance<\/p>\n","protected":false},"author":1,"featured_media":38996,"comment_status":"closed","ping_status":"closed","sticky":false,"template":"single-fullwidth.php","format":"standard","meta":{"footnotes":""},"categories":[335],"tags":[],"class_list":{"0":"post-38907","1":"post","2":"type-post","3":"status-publish","4":"format-standard","5":"has-post-thumbnail","7":"category-education-fr"},"menu_order":0,"_links":{"self":[{"href":"https:\/\/alamsuisse.org\/fr\/wp-json\/wp\/v2\/posts\/38907","targetHints":{"allow":["GET"]}}],"collection":[{"href":"https:\/\/alamsuisse.org\/fr\/wp-json\/wp\/v2\/posts"}],"about":[{"href":"https:\/\/alamsuisse.org\/fr\/wp-json\/wp\/v2\/types\/post"}],"author":[{"embeddable":true,"href":"https:\/\/alamsuisse.org\/fr\/wp-json\/wp\/v2\/users\/1"}],"replies":[{"embeddable":true,"href":"https:\/\/alamsuisse.org\/fr\/wp-json\/wp\/v2\/comments?post=38907"}],"version-history":[{"count":23,"href":"https:\/\/alamsuisse.org\/fr\/wp-json\/wp\/v2\/posts\/38907\/revisions"}],"predecessor-version":[{"id":39006,"href":"https:\/\/alamsuisse.org\/fr\/wp-json\/wp\/v2\/posts\/38907\/revisions\/39006"}],"wp:featuredmedia":[{"embeddable":true,"href":"https:\/\/alamsuisse.org\/fr\/wp-json\/wp\/v2\/media\/38996"}],"wp:attachment":[{"href":"https:\/\/alamsuisse.org\/fr\/wp-json\/wp\/v2\/media?parent=38907"}],"wp:term":[{"taxonomy":"category","embeddable":true,"href":"https:\/\/alamsuisse.org\/fr\/wp-json\/wp\/v2\/categories?post=38907"},{"taxonomy":"post_tag","embeddable":true,"href":"https:\/\/alamsuisse.org\/fr\/wp-json\/wp\/v2\/tags?post=38907"}],"curies":[{"name":"wp","href":"https:\/\/api.w.org\/{rel}","templated":true}]}}