{"id":38816,"date":"2022-11-20T14:49:00","date_gmt":"2022-11-20T14:49:00","guid":{"rendered":"https:\/\/alamsuisse.org\/archives\/38816"},"modified":"2023-04-30T08:39:47","modified_gmt":"2023-04-30T08:39:47","slug":"systeme-denergie-solaire","status":"publish","type":"post","link":"https:\/\/alamsuisse.org\/fr\/archives\/38816","title":{"rendered":"Solution d&rsquo;\u00e9nergie solaire"},"content":{"rendered":"\t\t<div data-elementor-type=\"wp-post\" data-elementor-id=\"38816\" class=\"elementor elementor-38816 elementor-38812\">\n\t\t\t\t\t\t<section class=\"elementor-section elementor-top-section elementor-element elementor-element-3432ba9 elementor-section-boxed elementor-section-height-default elementor-section-height-default\" data-id=\"3432ba9\" data-element_type=\"section\" data-e-type=\"section\">\r\n\t\t\t\t\t\t<div class=\"elementor-container elementor-column-gap-thegem\"><div class=\"elementor-row\">\r\n\t\t\t\t\t<div class=\"elementor-column elementor-col-100 elementor-top-column elementor-element elementor-element-45cacae\" data-id=\"45cacae\" data-element_type=\"column\" data-e-type=\"column\">\n\t\t\t<div class=\"elementor-widget-wrap elementor-element-populated\">\n\t\t\t\t\t\t<div class=\"elementor-element elementor-element-0044a0e flex-horizontal-align-default flex-horizontal-align-tablet-default flex-horizontal-align-mobile-default flex-vertical-align-default flex-vertical-align-tablet-default flex-vertical-align-mobile-default elementor-widget elementor-widget-video\" data-id=\"0044a0e\" data-element_type=\"widget\" data-e-type=\"widget\" data-settings=\"{&quot;youtube_url&quot;:&quot;https:\\\/\\\/youtu.be\\\/ax-xX2xMzAA&quot;,&quot;video_type&quot;:&quot;youtube&quot;,&quot;controls&quot;:&quot;yes&quot;}\" data-widget_type=\"video.default\">\n\t\t\t\t<div class=\"elementor-widget-container\">\n\t\t\t\t\t\t\t<div class=\"elementor-wrapper elementor-open-inline\">\n\t\t\t<div class=\"elementor-video\"><\/div>\t\t<\/div>\n\t\t\t\t\t\t<\/div>\n\t\t\t\t<\/div>\n\t\t\t\t\t<\/div>\n\t\t<\/div>\n\t\t\t\t\t<\/div><\/div>\r\n\t\t<\/section>\r\n\t\t\t\t<section class=\"elementor-section elementor-top-section elementor-element elementor-element-ac02533 elementor-section-boxed elementor-section-height-default elementor-section-height-default\" data-id=\"ac02533\" data-element_type=\"section\" data-e-type=\"section\">\r\n\t\t\t\t\t\t<div class=\"elementor-container elementor-column-gap-thegem\"><div class=\"elementor-row\">\r\n\t\t\t\t\t<div class=\"elementor-column elementor-col-100 elementor-top-column elementor-element elementor-element-59e6039\" data-id=\"59e6039\" data-element_type=\"column\" data-e-type=\"column\">\n\t\t\t<div class=\"elementor-widget-wrap elementor-element-populated\">\n\t\t\t\t\t\t<div class=\"elementor-element elementor-element-64b6bdd flex-horizontal-align-default flex-horizontal-align-tablet-default flex-horizontal-align-mobile-default flex-vertical-align-default flex-vertical-align-tablet-default flex-vertical-align-mobile-default elementor-widget elementor-widget-text-editor\" data-id=\"64b6bdd\" data-element_type=\"widget\" data-e-type=\"widget\" data-widget_type=\"text-editor.default\">\n\t\t\t\t<div class=\"elementor-widget-container\">\n\t\t\t\t\t\t\t\t\t\t\t\t<div class=\"elementor-text-editor elementor-clearfix\">\r\n\t\t\t\t\t\t<p><span style=\"font-weight: 400;\">Des ann\u00e9es de corruption et de mauvaise gouvernance au Liban ont provoqu\u00e9 l&rsquo;effondrement de l&rsquo;\u00e9conomie en 2019. Des \u00e9v\u00e9nements malheureux se sont ajout\u00e9s pour aggraver la situation d&rsquo;un pays d\u00e9j\u00e0 affaibli, notamment la pand\u00e9mie de COVID-19, l&rsquo;explosion d\u00e9vastatrice du port de Beyrouth \u00e0 l&rsquo;\u00e9t\u00e9 2020 et l&rsquo;\u00e9pid\u00e9mie de chol\u00e9ra en 2022. Dans ces circonstances \u00e9pouvantables, toutes les institutions libanaises se sont efforc\u00e9es de fonctionner et, au fur et \u00e0 mesure que la crise se d\u00e9veloppait, il est rapidement devenu impossible pour le gouvernement de fournir plus de deux heures d&rsquo;\u00e9lectricit\u00e9 par jour.<\/span><\/p>\n\t\t\t\t\t\t\t<\/div>\r\n\t\t\t\t\t\t\t\t\t\t<\/div>\n\t\t\t\t<\/div>\n\t\t\t\t\t<\/div>\n\t\t<\/div>\n\t\t\t\t\t<\/div><\/div>\r\n\t\t<\/section>\r\n\t\t\t\t<section class=\"elementor-section elementor-top-section elementor-element elementor-element-cf4b6ef elementor-section-boxed elementor-section-height-default elementor-section-height-default\" data-id=\"cf4b6ef\" data-element_type=\"section\" data-e-type=\"section\">\r\n\t\t\t\t\t\t<div class=\"elementor-container elementor-column-gap-thegem\"><div class=\"elementor-row\">\r\n\t\t\t\t\t<div class=\"elementor-column elementor-col-100 elementor-top-column elementor-element elementor-element-fdf0146\" data-id=\"fdf0146\" data-element_type=\"column\" data-e-type=\"column\">\n\t\t\t<div class=\"elementor-widget-wrap elementor-element-populated\">\n\t\t\t\t\t\t<div class=\"elementor-element elementor-element-8769ba3 flex-horizontal-align-default flex-horizontal-align-tablet-default flex-horizontal-align-mobile-default flex-vertical-align-default flex-vertical-align-tablet-default flex-vertical-align-mobile-default elementor-widget elementor-widget-text-editor\" data-id=\"8769ba3\" data-element_type=\"widget\" data-e-type=\"widget\" data-widget_type=\"text-editor.default\">\n\t\t\t\t<div class=\"elementor-widget-container\">\n\t\t\t\t\t\t\t\t\t\t\t\t<div class=\"elementor-text-editor elementor-clearfix\">\r\n\t\t\t\t\t\t<p><span style=\"font-weight: 400;\">Au milieu de tout cela, ce sont les enfants qui ont le plus souffert. Pour beaucoup d&rsquo;entre eux, l&rsquo;\u00e9ducation a \u00e9t\u00e9 perturb\u00e9e \u00e0 plusieurs reprises par la succession d&rsquo;\u00e9v\u00e9nements regrettables qui ont frapp\u00e9 le pays : <\/span><\/p><ul><li style=\"font-weight: 400;\" aria-level=\"1\"><span style=\"font-weight: 400;\">les restrictions de la COVID-19, <\/span><\/li><li style=\"font-weight: 400;\" aria-level=\"1\"><span style=\"font-weight: 400;\">la fermeture des \u00e9coles insolvables suite \u00e0 l&rsquo;effondrement \u00e9conomique du pays, <\/span><\/li><li style=\"font-weight: 400;\" aria-level=\"1\"><span style=\"font-weight: 400;\">les coupures de courant prolong\u00e9es qui perturbent le fonctionnement normal des \u00e9coles, <\/span><\/li><li style=\"font-weight: 400;\" aria-level=\"1\"><span style=\"font-weight: 400;\">le co\u00fbt exorbitant du transport entre le domicile et l&rsquo;\u00e9cole en raison de la flamb\u00e9e du prix du diesel, ainsi que <\/span><\/li><li style=\"font-weight: 400;\" aria-level=\"1\"><span style=\"font-weight: 400;\">les frais de scolarit\u00e9 inabordables en raison de l&rsquo;inflation rapide et de la crise financi\u00e8re. <\/span><\/li><\/ul>\t\t\t\t\t\t\t<\/div>\r\n\t\t\t\t\t\t\t\t\t\t<\/div>\n\t\t\t\t<\/div>\n\t\t\t\t\t<\/div>\n\t\t<\/div>\n\t\t\t\t\t<\/div><\/div>\r\n\t\t<\/section>\r\n\t\t\t\t<section class=\"elementor-section elementor-top-section elementor-element elementor-element-b725a04 elementor-section-boxed elementor-section-height-default elementor-section-height-default\" data-id=\"b725a04\" data-element_type=\"section\" data-e-type=\"section\">\r\n\t\t\t\t\t\t<div class=\"elementor-container elementor-column-gap-thegem\"><div class=\"elementor-row\">\r\n\t\t\t\t\t<div class=\"elementor-column elementor-col-100 elementor-top-column elementor-element elementor-element-8de2be3\" data-id=\"8de2be3\" data-element_type=\"column\" data-e-type=\"column\">\n\t\t\t<div class=\"elementor-widget-wrap elementor-element-populated\">\n\t\t\t\t\t\t<div class=\"elementor-element elementor-element-02c8826 flex-horizontal-align-default flex-horizontal-align-tablet-default flex-horizontal-align-mobile-default flex-vertical-align-default flex-vertical-align-tablet-default flex-vertical-align-mobile-default elementor-widget elementor-widget-thegem-quoted-text\" data-id=\"02c8826\" data-element_type=\"widget\" data-e-type=\"widget\" data-settings=\"{&quot;thegem_elementor_preset&quot;:&quot;style-5&quot;}\" data-widget_type=\"thegem-quoted-text.default\">\n\t\t\t\t<div class=\"elementor-widget-container\">\n\t\t\t\t\t<div class=\"gem-quote gem-quote-style-5 default-background\">\n\t<blockquote class=\"gem-text-output\"><p>La situation est si mis\u00e9rable que de nombreux parents sont contraints de choisir lequel de leurs enfants pourra aller \u00e0 l'\u00e9cole avec le peu d'argent dont ils disposent.<\/p><\/blockquote>\n<\/div>\n\t\t\t\t<\/div>\n\t\t\t\t<\/div>\n\t\t\t\t\t<\/div>\n\t\t<\/div>\n\t\t\t\t\t<\/div><\/div>\r\n\t\t<\/section>\r\n\t\t\t\t<section class=\"elementor-section elementor-top-section elementor-element elementor-element-e80c244 elementor-section-boxed elementor-section-height-default elementor-section-height-default\" data-id=\"e80c244\" data-element_type=\"section\" data-e-type=\"section\">\r\n\t\t\t\t\t\t<div class=\"elementor-container elementor-column-gap-thegem\"><div class=\"elementor-row\">\r\n\t\t\t\t\t<div class=\"elementor-column elementor-col-100 elementor-top-column elementor-element elementor-element-15ff842\" data-id=\"15ff842\" data-element_type=\"column\" data-e-type=\"column\">\n\t\t\t<div class=\"elementor-widget-wrap elementor-element-populated\">\n\t\t\t\t\t\t<div class=\"elementor-element elementor-element-cbd35ce flex-horizontal-align-default flex-horizontal-align-tablet-default flex-horizontal-align-mobile-default flex-vertical-align-default flex-vertical-align-tablet-default flex-vertical-align-mobile-default elementor-widget elementor-widget-text-editor\" data-id=\"cbd35ce\" data-element_type=\"widget\" data-e-type=\"widget\" data-widget_type=\"text-editor.default\">\n\t\t\t\t<div class=\"elementor-widget-container\">\n\t\t\t\t\t\t\t\t\t\t\t\t<div class=\"elementor-text-editor elementor-clearfix\">\r\n\t\t\t\t\t\t<p><span style=\"font-weight: 400;\">Face \u00e0 cette terrible situation, l&rsquo;association ALAM travaille sans rel\u00e2che depuis la Suisse pour soulager la douleur du peuple libanais et faire du Liban un endroit meilleur pour tous. En offrant des panneaux solaires \u00e0 des institutions dans tout le Liban, ALAM transforme le ressentiment en espoir.<\/span><\/p>\n\t\t\t\t\t\t\t<\/div>\r\n\t\t\t\t\t\t\t\t\t\t<\/div>\n\t\t\t\t<\/div>\n\t\t\t\t\t<\/div>\n\t\t<\/div>\n\t\t\t\t\t<\/div><\/div>\r\n\t\t<\/section>\r\n\t\t\t\t<section class=\"elementor-section elementor-top-section elementor-element elementor-element-58a7ead elementor-section-boxed elementor-section-height-default elementor-section-height-default\" data-id=\"58a7ead\" data-element_type=\"section\" data-e-type=\"section\">\r\n\t\t\t\t\t\t<div class=\"elementor-container elementor-column-gap-thegem\"><div class=\"elementor-row\">\r\n\t\t\t\t\t<div class=\"elementor-column elementor-col-50 elementor-top-column elementor-element elementor-element-9d868e1\" data-id=\"9d868e1\" data-element_type=\"column\" data-e-type=\"column\">\n\t\t\t<div class=\"elementor-widget-wrap elementor-element-populated\">\n\t\t\t\t\t\t<div class=\"elementor-element elementor-element-8660cec flex-horizontal-align-default flex-horizontal-align-tablet-default flex-horizontal-align-mobile-default flex-vertical-align-default flex-vertical-align-tablet-default flex-vertical-align-mobile-default elementor-widget elementor-widget-thegem-quoted-text\" data-id=\"8660cec\" data-element_type=\"widget\" data-e-type=\"widget\" data-settings=\"{&quot;thegem_elementor_preset&quot;:&quot;style-3&quot;}\" data-widget_type=\"thegem-quoted-text.default\">\n\t\t\t\t<div class=\"elementor-widget-container\">\n\t\t\t\t\t<div class=\"gem-quote gem-quote-style-3 default-background\">\n\t<blockquote class=\"gem-text-output\"><p>L'\u00e9cole Saint-Joseph \u00e0 Minyara, Akkar, est l'une de ces institutions qui ont b\u00e9n\u00e9fici\u00e9 de l'aide d'ALAM.<\/p><\/blockquote>\n<\/div>\n\t\t\t\t<\/div>\n\t\t\t\t<\/div>\n\t\t\t\t\t<\/div>\n\t\t<\/div>\n\t\t\t\t<div class=\"elementor-column elementor-col-50 elementor-top-column elementor-element elementor-element-d4d47ee\" data-id=\"d4d47ee\" data-element_type=\"column\" data-e-type=\"column\">\n\t\t\t<div class=\"elementor-widget-wrap elementor-element-populated\">\n\t\t\t\t\t\t<div class=\"elementor-element elementor-element-071f27f flex-horizontal-align-default flex-horizontal-align-tablet-default flex-horizontal-align-mobile-default flex-vertical-align-default flex-vertical-align-tablet-default flex-vertical-align-mobile-default elementor-widget elementor-widget-image\" data-id=\"071f27f\" data-element_type=\"widget\" data-e-type=\"widget\" data-widget_type=\"image.default\">\n\t\t\t\t<div class=\"elementor-widget-container\">\n\t\t\t\t\t\t\t\t\t\t\t\t\t\t\t<img width=\"1024\" height=\"665\" src=\"https:\/\/alamsuisse.org\/wp-content\/uploads\/2022\/11\/DSC09138-Edited-1024x665.png\" class=\"attachment-large size-large wp-image-38824\" alt=\"\" srcset=\"https:\/\/alamsuisse.org\/wp-content\/uploads\/2022\/11\/DSC09138-Edited-1024x665.png 1024w, https:\/\/alamsuisse.org\/wp-content\/uploads\/2022\/11\/DSC09138-Edited-300x195.png 300w, https:\/\/alamsuisse.org\/wp-content\/uploads\/2022\/11\/DSC09138-Edited-768x499.png 768w, https:\/\/alamsuisse.org\/wp-content\/uploads\/2022\/11\/DSC09138-Edited.png 1388w\" sizes=\"(max-width: 1024px) 100vw, 1024px\" \/>\t\t\t\t\t\t\t\t\t\t\t\t\t\t\t<\/div>\n\t\t\t\t<\/div>\n\t\t\t\t\t<\/div>\n\t\t<\/div>\n\t\t\t\t\t<\/div><\/div>\r\n\t\t<\/section>\r\n\t\t\t\t<section class=\"elementor-section elementor-top-section elementor-element elementor-element-7941f43 elementor-section-boxed elementor-section-height-default elementor-section-height-default\" data-id=\"7941f43\" data-element_type=\"section\" data-e-type=\"section\">\r\n\t\t\t\t\t\t<div class=\"elementor-container elementor-column-gap-thegem\"><div class=\"elementor-row\">\r\n\t\t\t\t\t<div class=\"elementor-column elementor-col-100 elementor-top-column elementor-element elementor-element-fa180ff\" data-id=\"fa180ff\" data-element_type=\"column\" data-e-type=\"column\">\n\t\t\t<div class=\"elementor-widget-wrap elementor-element-populated\">\n\t\t\t\t\t\t<div class=\"elementor-element elementor-element-ed500e6 flex-horizontal-align-default flex-horizontal-align-tablet-default flex-horizontal-align-mobile-default flex-vertical-align-default flex-vertical-align-tablet-default flex-vertical-align-mobile-default elementor-widget elementor-widget-text-editor\" data-id=\"ed500e6\" data-element_type=\"widget\" data-e-type=\"widget\" data-widget_type=\"text-editor.default\">\n\t\t\t\t<div class=\"elementor-widget-container\">\n\t\t\t\t\t\t\t\t\t\t\t\t<div class=\"elementor-text-editor elementor-clearfix\">\r\n\t\t\t\t\t\t<p><span style=\"font-weight: 400;\">Le gouvernorat du Akkar est l&rsquo;une des r\u00e9gions les plus d\u00e9favoris\u00e9es du Liban. Elle poss\u00e8de deux points de passage vers la Syrie et accueille un grand nombre de r\u00e9fugi\u00e9s syriens.  <\/span><\/p>\n<p><span style=\"font-weight: 400;\">Avec une population de 10 000 habitants, Minyara est un village particuli\u00e8rement vuln\u00e9rable du Akkar, qui souffre d&rsquo;un taux de pauvret\u00e9 tr\u00e8s \u00e9lev\u00e9 et de mauvaises conditions de vie.<\/span><\/p>\n<p><span style=\"font-weight: 400;\">Ces circonstances ont \u00e0 leur tour de tr\u00e8s mauvaises r\u00e9percussions sur les syst\u00e8mes scolaires de la r\u00e9gion et sur l&rsquo;\u00e9ducation des enfants en g\u00e9n\u00e9ral. Les enfants y souffrent d&rsquo;une pauvret\u00e9 extr\u00eame et d&rsquo;une ins\u00e9curit\u00e9 multidimensionnelle.  <\/span><\/p>\n\t\t\t\t\t\t\t<\/div>\r\n\t\t\t\t\t\t\t\t\t\t<\/div>\n\t\t\t\t<\/div>\n\t\t\t\t\t<\/div>\n\t\t<\/div>\n\t\t\t\t\t<\/div><\/div>\r\n\t\t<\/section>\r\n\t\t\t\t<section class=\"elementor-section elementor-top-section elementor-element elementor-element-abd38ca elementor-section-boxed elementor-section-height-default elementor-section-height-default\" data-id=\"abd38ca\" data-element_type=\"section\" data-e-type=\"section\">\r\n\t\t\t\t\t\t<div class=\"elementor-container elementor-column-gap-thegem\"><div class=\"elementor-row\">\r\n\t\t\t\t\t<div class=\"elementor-column elementor-col-100 elementor-top-column elementor-element elementor-element-9de4f5b\" data-id=\"9de4f5b\" data-element_type=\"column\" data-e-type=\"column\">\n\t\t\t<div class=\"elementor-widget-wrap elementor-element-populated\">\n\t\t\t\t\t\t<div class=\"elementor-element elementor-element-8ad8d53 flex-horizontal-align-default flex-horizontal-align-tablet-default flex-horizontal-align-mobile-default flex-vertical-align-default flex-vertical-align-tablet-default flex-vertical-align-mobile-default elementor-widget elementor-widget-thegem-styledimage\" data-id=\"8ad8d53\" data-element_type=\"widget\" data-e-type=\"widget\" data-settings=\"{&quot;image&quot;:{&quot;url&quot;:&quot;https:\\\/\\\/alamsuisse.org\\\/wp-content\\\/uploads\\\/2022\\\/11\\\/DSC08975-scaled.jpg&quot;,&quot;id&quot;:38829,&quot;size&quot;:&quot;&quot;,&quot;alt&quot;:&quot;&quot;,&quot;source&quot;:&quot;library&quot;},&quot;thegem_elementor_preset&quot;:&quot;default&quot;,&quot;image_position&quot;:&quot;left&quot;}\" data-widget_type=\"thegem-styledimage.default\">\n\t\t\t\t<div class=\"elementor-widget-container\">\n\t\t\t\t\t\n<div class=\"styled-image-wrapper\">\n\t\t\t<div class=\"gem-image gem-wrapbox gem-wrapbox-default gem-wrapbox-position-left lazy-loading \">\n\t\t\t<div class=\"gem-wrapbox-inner  lazy-loading-item\"  data-ll-effect=\"move-up\">\n\t\t\t\t\t\t\t\t\t<img class=\"gem-wrapbox-element img-responsive \"\n\t\t\t\t\t\t src=\"https:\/\/alamsuisse.org\/wp-content\/uploads\/2022\/11\/DSC08975-scaled.jpg\"\n\t\t\t\t\t\t alt=\"DSC08975\">\n\t\t\t\t\t\t\t\t<\/div>\n\t\t<\/div>\n\t\t<\/div>\n\n\n\t\n\t\t\t\t\t\t<\/div>\n\t\t\t\t<\/div>\n\t\t\t\t\t<\/div>\n\t\t<\/div>\n\t\t\t\t\t<\/div><\/div>\r\n\t\t<\/section>\r\n\t\t\t\t<section class=\"elementor-section elementor-top-section elementor-element elementor-element-dfd1275 elementor-section-boxed elementor-section-height-default elementor-section-height-default\" data-id=\"dfd1275\" data-element_type=\"section\" data-e-type=\"section\">\r\n\t\t\t\t\t\t<div class=\"elementor-container elementor-column-gap-thegem\"><div class=\"elementor-row\">\r\n\t\t\t\t\t<div class=\"elementor-column elementor-col-50 elementor-top-column elementor-element elementor-element-508f30b\" data-id=\"508f30b\" data-element_type=\"column\" data-e-type=\"column\">\n\t\t\t<div class=\"elementor-widget-wrap elementor-element-populated\">\n\t\t\t\t\t\t<div class=\"elementor-element elementor-element-fe9e5f3 flex-horizontal-align-default flex-horizontal-align-tablet-default flex-horizontal-align-mobile-default flex-vertical-align-default flex-vertical-align-tablet-default flex-vertical-align-mobile-default elementor-widget elementor-widget-text-editor\" data-id=\"fe9e5f3\" data-element_type=\"widget\" data-e-type=\"widget\" data-widget_type=\"text-editor.default\">\n\t\t\t\t<div class=\"elementor-widget-container\">\n\t\t\t\t\t\t\t\t\t\t\t\t<div class=\"elementor-text-editor elementor-clearfix\">\r\n\t\t\t\t\t\t<p><span style=\"font-weight: 400;\">Pendant toute l&rsquo;ann\u00e9e scolaire 2021-2022, l&rsquo;\u00e9cole Saint-Joseph a b\u00e9n\u00e9fici\u00e9 d&rsquo;\u00e0 peine une ou deux heures d&rsquo;\u00e9lectricit\u00e9 par jour et, en raison de l&rsquo;atroce crise \u00e9conomique, l&rsquo;\u00e9cole a eu du mal \u00e0 assumer les co\u00fbts des g\u00e9n\u00e9rateurs diesel. Comme l&rsquo;a indiqu\u00e9 S\u0153ur Arrouk, l&rsquo;hiver est une p\u00e9riode tr\u00e8s difficile car les classes deviennent sombres et tr\u00e8s froides, et l&rsquo;absence d&rsquo;\u00e9lectricit\u00e9 et de chauffage rend presque impossible la fr\u00e9quentation de l&rsquo;\u00e9cole.  <\/span><\/p>\n<p><span style=\"font-weight: 400;\">D&rsquo;autre part, les parents, dont les revenus \u00e9taient d\u00e9j\u00e0 tr\u00e8s faibles, se sont retrouv\u00e9s dans l&rsquo;incapacit\u00e9 de payer les frais de scolarit\u00e9. En raison de cette situation d\u00e9sastreuse, de nombreux enfants ont abandonn\u00e9 l&rsquo;\u00e9cole.  <\/span><\/p>\n\t\t\t\t\t\t\t<\/div>\r\n\t\t\t\t\t\t\t\t\t\t<\/div>\n\t\t\t\t<\/div>\n\t\t\t\t\t<\/div>\n\t\t<\/div>\n\t\t\t\t<div class=\"elementor-column elementor-col-50 elementor-top-column elementor-element elementor-element-3860f3a\" data-id=\"3860f3a\" data-element_type=\"column\" data-e-type=\"column\">\n\t\t\t<div class=\"elementor-widget-wrap elementor-element-populated\">\n\t\t\t\t\t\t<div class=\"elementor-element elementor-element-109d994 flex-horizontal-align-default flex-horizontal-align-tablet-default flex-horizontal-align-mobile-default flex-vertical-align-default flex-vertical-align-tablet-default flex-vertical-align-mobile-default elementor-widget elementor-widget-thegem-quoted-text\" data-id=\"109d994\" data-element_type=\"widget\" data-e-type=\"widget\" data-settings=\"{&quot;thegem_elementor_preset&quot;:&quot;style-1&quot;}\" data-widget_type=\"thegem-quoted-text.default\">\n\t\t\t\t<div class=\"elementor-widget-container\">\n\t\t\t\t\t<div class=\"gem-quote gem-quote-style-1 default-background\">\n\t<blockquote class=\"gem-text-output\"><p>\"Nous devons constamment appeler les parents pour leur demander de venir payer les frais de scolarit\u00e9, car ils le font \u00e0 peine. Cela a conduit l'\u00e9cole \u00e0 ne pas pouvoir payer les salaires des enseignants pour toute l'ann\u00e9e 2019. Pourtant, ils ont g\u00e9n\u00e9reusement continu\u00e9 \u00e0 enseigner pour le bien des enfants et pour que l'\u00e9cole reste ouverte\", explique la directrice de l'\u00e9cole, S\u0153ur Arrouk, dans une interview.<\/p><\/blockquote>\n<\/div>\n\t\t\t\t<\/div>\n\t\t\t\t<\/div>\n\t\t\t\t\t<\/div>\n\t\t<\/div>\n\t\t\t\t\t<\/div><\/div>\r\n\t\t<\/section>\r\n\t\t\t\t<section class=\"elementor-section elementor-top-section elementor-element elementor-element-77e80a7 elementor-section-boxed elementor-section-height-default elementor-section-height-default\" data-id=\"77e80a7\" data-element_type=\"section\" data-e-type=\"section\">\r\n\t\t\t\t\t\t<div class=\"elementor-container elementor-column-gap-thegem\"><div class=\"elementor-row\">\r\n\t\t\t\t\t<div class=\"elementor-column elementor-col-100 elementor-top-column elementor-element elementor-element-723ae39\" data-id=\"723ae39\" data-element_type=\"column\" data-e-type=\"column\">\n\t\t\t<div class=\"elementor-widget-wrap elementor-element-populated\">\n\t\t\t\t\t\t<div class=\"elementor-element elementor-element-37f5b06 flex-horizontal-align-default flex-horizontal-align-tablet-default flex-horizontal-align-mobile-default flex-vertical-align-default flex-vertical-align-tablet-default flex-vertical-align-mobile-default elementor-widget elementor-widget-thegem-quoted-text\" data-id=\"37f5b06\" data-element_type=\"widget\" data-e-type=\"widget\" data-settings=\"{&quot;thegem_elementor_preset&quot;:&quot;style-5&quot;}\" data-widget_type=\"thegem-quoted-text.default\">\n\t\t\t\t<div class=\"elementor-widget-container\">\n\t\t\t\t\t<div class=\"gem-quote gem-quote-style-5 default-background\">\n\t<blockquote class=\"gem-text-output\"><p>En raison de tous ces bouleversements, l'\u00e9cole Saint-Joseph a eu du mal \u00e0 maintenir ses activit\u00e9s et \u00e9tait sur le point de fermer ses portes.<\/p><\/blockquote>\n<\/div>\n\t\t\t\t<\/div>\n\t\t\t\t<\/div>\n\t\t\t\t\t<\/div>\n\t\t<\/div>\n\t\t\t\t\t<\/div><\/div>\r\n\t\t<\/section>\r\n\t\t\t\t<section class=\"elementor-section elementor-top-section elementor-element elementor-element-c77625b elementor-section-boxed elementor-section-height-default elementor-section-height-default\" data-id=\"c77625b\" data-element_type=\"section\" data-e-type=\"section\">\r\n\t\t\t\t\t\t<div class=\"elementor-container elementor-column-gap-thegem\"><div class=\"elementor-row\">\r\n\t\t\t\t\t<div class=\"elementor-column elementor-col-100 elementor-top-column elementor-element elementor-element-ff63474\" data-id=\"ff63474\" data-element_type=\"column\" data-e-type=\"column\">\n\t\t\t<div class=\"elementor-widget-wrap elementor-element-populated\">\n\t\t\t\t\t\t<div class=\"elementor-element elementor-element-8cc5ce6 flex-horizontal-align-default flex-horizontal-align-tablet-default flex-horizontal-align-mobile-default flex-vertical-align-default flex-vertical-align-tablet-default flex-vertical-align-mobile-default elementor-widget elementor-widget-text-editor\" data-id=\"8cc5ce6\" data-element_type=\"widget\" data-e-type=\"widget\" data-widget_type=\"text-editor.default\">\n\t\t\t\t<div class=\"elementor-widget-container\">\n\t\t\t\t\t\t\t\t\t\t\t\t<div class=\"elementor-text-editor elementor-clearfix\">\r\n\t\t\t\t\t\t<p><span style=\"font-weight: 400;\">Gr\u00e2ce \u00e0 ALAM, l&rsquo;\u00e9cole dispose d\u00e9sormais d&rsquo;un syst\u00e8me photovolta\u00efque hybride de 37 kilowatts-cr\u00eate et b\u00e9n\u00e9ficie d&rsquo;\u00e9lectricit\u00e9 et de chauffage tout au long de la journ\u00e9e. Le syst\u00e8me a \u00e9galement permis de passer \u00e0 l&rsquo;apprentissage num\u00e9rique gr\u00e2ce \u00e0 l&rsquo;activation des tableaux interactifs et des ordinateurs.  <\/span><\/p>\n\t\t\t\t\t\t\t<\/div>\r\n\t\t\t\t\t\t\t\t\t\t<\/div>\n\t\t\t\t<\/div>\n\t\t\t\t\t<\/div>\n\t\t<\/div>\n\t\t\t\t\t<\/div><\/div>\r\n\t\t<\/section>\r\n\t\t\t\t<section class=\"elementor-section elementor-top-section elementor-element elementor-element-b80badf elementor-section-boxed elementor-section-height-default elementor-section-height-default\" data-id=\"b80badf\" data-element_type=\"section\" data-e-type=\"section\">\r\n\t\t\t\t\t\t<div class=\"elementor-container elementor-column-gap-thegem\"><div class=\"elementor-row\">\r\n\t\t\t\t\t<div class=\"elementor-column elementor-col-100 elementor-top-column elementor-element elementor-element-b5a8ef4\" data-id=\"b5a8ef4\" data-element_type=\"column\" data-e-type=\"column\">\n\t\t\t<div class=\"elementor-widget-wrap elementor-element-populated\">\n\t\t\t\t\t\t<div class=\"elementor-element elementor-element-86866bd flex-horizontal-align-default flex-horizontal-align-tablet-default flex-horizontal-align-mobile-default flex-vertical-align-default flex-vertical-align-tablet-default flex-vertical-align-mobile-default elementor-widget elementor-widget-thegem-styledimage\" data-id=\"86866bd\" data-element_type=\"widget\" data-e-type=\"widget\" data-settings=\"{&quot;image&quot;:{&quot;url&quot;:&quot;https:\\\/\\\/alamsuisse.org\\\/wp-content\\\/uploads\\\/2023\\\/03\\\/DSC08958-scaled.jpg&quot;,&quot;id&quot;:38813,&quot;size&quot;:&quot;&quot;,&quot;alt&quot;:&quot;&quot;,&quot;source&quot;:&quot;library&quot;},&quot;thegem_elementor_preset&quot;:&quot;default&quot;,&quot;image_position&quot;:&quot;left&quot;}\" data-widget_type=\"thegem-styledimage.default\">\n\t\t\t\t<div class=\"elementor-widget-container\">\n\t\t\t\t\t\n<div class=\"styled-image-wrapper\">\n\t\t\t<div class=\"gem-image gem-wrapbox gem-wrapbox-default gem-wrapbox-position-left lazy-loading \">\n\t\t\t<div class=\"gem-wrapbox-inner  lazy-loading-item\"  data-ll-effect=\"move-up\">\n\t\t\t\t\t\t\t\t\t<img class=\"gem-wrapbox-element img-responsive \"\n\t\t\t\t\t\t src=\"https:\/\/alamsuisse.org\/wp-content\/uploads\/2023\/03\/DSC08958-scaled.jpg\"\n\t\t\t\t\t\t alt=\"DSC08958\">\n\t\t\t\t\t\t\t\t<\/div>\n\t\t<\/div>\n\t\t<\/div>\n\n\n\t\n\t\t\t\t\t\t<\/div>\n\t\t\t\t<\/div>\n\t\t\t\t\t<\/div>\n\t\t<\/div>\n\t\t\t\t\t<\/div><\/div>\r\n\t\t<\/section>\r\n\t\t\t\t<section class=\"elementor-section elementor-top-section elementor-element elementor-element-00a10a2 elementor-section-boxed elementor-section-height-default elementor-section-height-default\" data-id=\"00a10a2\" data-element_type=\"section\" data-e-type=\"section\">\r\n\t\t\t\t\t\t<div class=\"elementor-container elementor-column-gap-thegem\"><div class=\"elementor-row\">\r\n\t\t\t\t\t<div class=\"elementor-column elementor-col-100 elementor-top-column elementor-element elementor-element-1b9c9e0\" data-id=\"1b9c9e0\" data-element_type=\"column\" data-e-type=\"column\">\n\t\t\t<div class=\"elementor-widget-wrap elementor-element-populated\">\n\t\t\t\t\t\t<div class=\"elementor-element elementor-element-cffd214 flex-horizontal-align-default flex-horizontal-align-tablet-default flex-horizontal-align-mobile-default flex-vertical-align-default flex-vertical-align-tablet-default flex-vertical-align-mobile-default elementor-widget elementor-widget-text-editor\" data-id=\"cffd214\" data-element_type=\"widget\" data-e-type=\"widget\" data-widget_type=\"text-editor.default\">\n\t\t\t\t<div class=\"elementor-widget-container\">\n\t\t\t\t\t\t\t\t\t\t\t\t<div class=\"elementor-text-editor elementor-clearfix\">\r\n\t\t\t\t\t\t<p><span style=\"font-weight: 400;\">Dans un pays qui manque d&rsquo;\u00e9lectricit\u00e9 et qui est ensoleill\u00e9 presque toute l&rsquo;ann\u00e9e, l&rsquo;\u00e9nergie solaire est la solution ultime. Le projet solaire de Minyara n&rsquo;a pas seulement profit\u00e9 \u00e0 l&rsquo;\u00e9cole en r\u00e9duisant les co\u00fbts d&rsquo;\u00e9lectricit\u00e9. Il a \u00e9galement b\u00e9n\u00e9fici\u00e9 \u00e0  <\/span><\/p>\n<ul>\n<li style=\"font-weight: 400;\" aria-level=\"1\"><span style=\"font-weight: 400;\">les \u00e9tudiants en \u00e9levant leur exp\u00e9rience \u00e9ducative \u00e0 un niveau plus technologique ;  <\/span><\/li>\n<li style=\"font-weight: 400;\" aria-level=\"1\"><span style=\"font-weight: 400;\">les enseignants en leur assurant un salaire complet gr\u00e2ce aux \u00e9conomies d&rsquo;\u00e9nergie r\u00e9alis\u00e9es par les \u00e9coles ; et<\/span><\/li>\n<li style=\"font-weight: 400;\" aria-level=\"1\"><span style=\"font-weight: 400;\">l&rsquo;environnement en r\u00e9duisant la consommation de diesel au minimum.<\/span><\/li>\n<\/ul>\n\t\t\t\t\t\t\t<\/div>\r\n\t\t\t\t\t\t\t\t\t\t<\/div>\n\t\t\t\t<\/div>\n\t\t\t\t\t<\/div>\n\t\t<\/div>\n\t\t\t\t\t<\/div><\/div>\r\n\t\t<\/section>\r\n\t\t\t\t<section class=\"elementor-section elementor-top-section elementor-element elementor-element-00484b2 elementor-section-boxed elementor-section-height-default elementor-section-height-default\" data-id=\"00484b2\" data-element_type=\"section\" data-e-type=\"section\">\r\n\t\t\t\t\t\t<div class=\"elementor-container elementor-column-gap-thegem\"><div class=\"elementor-row\">\r\n\t\t\t\t\t<div class=\"elementor-column elementor-col-100 elementor-top-column elementor-element elementor-element-fa2a760\" data-id=\"fa2a760\" data-element_type=\"column\" data-e-type=\"column\">\n\t\t\t<div class=\"elementor-widget-wrap elementor-element-populated\">\n\t\t\t\t\t\t<div class=\"elementor-element elementor-element-38d418e flex-horizontal-align-default flex-horizontal-align-tablet-default flex-horizontal-align-mobile-default flex-vertical-align-default flex-vertical-align-tablet-default flex-vertical-align-mobile-default elementor-widget elementor-widget-thegem-gallery-grid\" data-id=\"38d418e\" data-element_type=\"widget\" data-e-type=\"widget\" data-settings=\"{&quot;columns_desktop&quot;:&quot;4x&quot;,&quot;thegem_elementor_preset&quot;:&quot;default&quot;,&quot;columns_tablet&quot;:&quot;2x&quot;,&quot;columns_mobile&quot;:&quot;1x&quot;,&quot;image_ratio_default&quot;:{&quot;unit&quot;:&quot;px&quot;,&quot;size&quot;:&quot;&quot;,&quot;sizes&quot;:[]},&quot;title_show&quot;:&quot;yes&quot;,&quot;description_show&quot;:&quot;yes&quot;,&quot;icon_show&quot;:&quot;yes&quot;,&quot;ajax_preloader_type&quot;:&quot;default&quot;,&quot;container_margin&quot;:{&quot;unit&quot;:&quot;px&quot;,&quot;size&quot;:16,&quot;sizes&quot;:[]},&quot;container_margin_tablet&quot;:{&quot;unit&quot;:&quot;px&quot;,&quot;size&quot;:&quot;&quot;,&quot;sizes&quot;:[]},&quot;container_margin_mobile&quot;:{&quot;unit&quot;:&quot;px&quot;,&quot;size&quot;:&quot;&quot;,&quot;sizes&quot;:[]}}\" data-widget_type=\"thegem-gallery-grid.default\">\n\t\t\t\t<div class=\"elementor-widget-container\">\n\t\t\t\t\t<div class=\"preloader save-space\"><div class=\"preloader-spin\"><\/div><\/div> <div class=\"gallery-preloader-wrapper\"> <div class=\"row\"> <div class=\"gem-gallery-grid gallery-style-justified hover-default gaps-margin columns-4 columns-tablet-2 columns-mobile-1 \" data-uid=\"38d418e\" data-hover=\"default\" data-filter=\"[]\"> <div class=\"portfolio not-fullwidth-block \"> <ul class=\"gallery-set clearfix\" data-max-row-height=\"\"> <li class=\"gallery-item gallery-0 col-xs-12 col-sm-6 col-md-3 single-icon post-38816 post type-post status-publish format-standard has-post-thumbnail category-developpement-durable category-environment category-environnement category-sustainable-development\" style=\"padding: calc(16px\/2); \"> <div class=\"wrap gem-wrapbox gem-wrapbox-style-default\"> <div class=\"overlay-wrap\"> <div class=\"image-wrap \"> <picture> <source srcset=\"https:\/\/alamsuisse.org\/wp-content\/uploads\/2022\/11\/DSC09122-scaled-thegem-product-justified-square-s.jpg 1x\" sizes=\"100vw\"> <img src=\"https:\/\/alamsuisse.org\/wp-content\/uploads\/2022\/11\/DSC09122-scaled-thegem-product-justified-square-s.jpg\" width=\"300\" height=\"300\" class=\"attachment-thegem-product-justified-square-s\" alt=\"DSC09122\" \/> <\/picture> <\/div> <div class=\"overlay \"> <div class=\"overlay-circle\"><\/div> <a href=\"https:\/\/alamsuisse.org\/wp-content\/uploads\/2022\/11\/DSC09122-scaled.jpg\" class=\"gallery-item-link fancy-gallery\" data-fancybox=\"gallery-69f33c0d4f83a\" data-elementor-open-lightbox=\"no\" aria-label=\"Fullsize Image: DSC09122\"> <span class=\"slide-info\"> <\/span> <\/a> <div class=\"overlay-content\"> <div class=\"overlay-content-center\"> <div class=\"overlay-content-inner\"> <a href=\"https:\/\/alamsuisse.org\/wp-content\/uploads\/2022\/11\/DSC09122-scaled.jpg\" class=\"icon photo \" aria-label=\"Fullsize Image: DSC09122\"> <i class=\"default\"><\/i> <\/a> <\/div> <\/div> <\/div> <\/div> <\/div> <\/div> <\/li> <li class=\"gallery-item gallery-0 col-xs-12 col-sm-6 col-md-3 single-icon post-38816 post type-post status-publish format-standard has-post-thumbnail category-developpement-durable category-environment category-environnement category-sustainable-development\" style=\"padding: calc(16px\/2); \"> <div class=\"wrap gem-wrapbox gem-wrapbox-style-default\"> <div class=\"overlay-wrap\"> <div class=\"image-wrap \"> <picture> <source srcset=\"https:\/\/alamsuisse.org\/wp-content\/uploads\/2022\/11\/C3747.00_14_34_04.Still008-1-Edited-thegem-product-justified-square-s.png 1x\" sizes=\"100vw\"> <img src=\"https:\/\/alamsuisse.org\/wp-content\/uploads\/2022\/11\/C3747.00_14_34_04.Still008-1-Edited-thegem-product-justified-square-s.png\" width=\"300\" height=\"300\" class=\"attachment-thegem-product-justified-square-s\" alt=\"C3747.00_14_34_04.Still008 (1) - \u00c9dit\u00e9\" \/> <\/picture> <\/div> <div class=\"overlay \"> <div class=\"overlay-circle\"><\/div> <a href=\"https:\/\/alamsuisse.org\/wp-content\/uploads\/2022\/11\/C3747.00_14_34_04.Still008-1-Edited.png\" class=\"gallery-item-link fancy-gallery\" data-fancybox=\"gallery-69f33c0d4f83a\" data-elementor-open-lightbox=\"no\" aria-label=\"Fullsize Image: C3747.00_14_34_04.Still008 (1) - \u00c9dit\u00e9\"> <span class=\"slide-info\"> <\/span> <\/a> <div class=\"overlay-content\"> <div class=\"overlay-content-center\"> <div class=\"overlay-content-inner\"> <a href=\"https:\/\/alamsuisse.org\/wp-content\/uploads\/2022\/11\/C3747.00_14_34_04.Still008-1-Edited.png\" class=\"icon photo \" aria-label=\"Fullsize Image: C3747.00_14_34_04.Still008 (1) - \u00c9dit\u00e9\"> <i class=\"default\"><\/i> <\/a> <\/div> <\/div> <\/div> <\/div> <\/div> <\/div> <\/li> <li class=\"gallery-item gallery-0 col-xs-12 col-sm-6 col-md-3 single-icon post-38816 post type-post status-publish format-standard has-post-thumbnail category-developpement-durable category-environment category-environnement category-sustainable-development\" style=\"padding: calc(16px\/2); \"> <div class=\"wrap gem-wrapbox gem-wrapbox-style-default\"> <div class=\"overlay-wrap\"> <div class=\"image-wrap \"> <picture> <source srcset=\"https:\/\/alamsuisse.org\/wp-content\/uploads\/2022\/11\/DSC09058-scaled-thegem-product-justified-square-s.jpg 1x\" sizes=\"100vw\"> <img src=\"https:\/\/alamsuisse.org\/wp-content\/uploads\/2022\/11\/DSC09058-scaled-thegem-product-justified-square-s.jpg\" width=\"300\" height=\"300\" class=\"attachment-thegem-product-justified-square-s\" alt=\"DSC09058\" \/> <\/picture> <\/div> <div class=\"overlay \"> <div class=\"overlay-circle\"><\/div> <a href=\"https:\/\/alamsuisse.org\/wp-content\/uploads\/2022\/11\/DSC09058-scaled.jpg\" class=\"gallery-item-link fancy-gallery\" data-fancybox=\"gallery-69f33c0d4f83a\" data-elementor-open-lightbox=\"no\" aria-label=\"Fullsize Image: DSC09058\"> <span class=\"slide-info\"> <\/span> <\/a> <div class=\"overlay-content\"> <div class=\"overlay-content-center\"> <div class=\"overlay-content-inner\"> <a href=\"https:\/\/alamsuisse.org\/wp-content\/uploads\/2022\/11\/DSC09058-scaled.jpg\" class=\"icon photo \" aria-label=\"Fullsize Image: DSC09058\"> <i class=\"default\"><\/i> <\/a> <\/div> <\/div> <\/div> <\/div> <\/div> <\/div> <\/li> <li class=\"gallery-item gallery-0 col-xs-12 col-sm-6 col-md-3 single-icon post-38816 post type-post status-publish format-standard has-post-thumbnail category-developpement-durable category-environment category-environnement category-sustainable-development\" style=\"padding: calc(16px\/2); \"> <div class=\"wrap gem-wrapbox gem-wrapbox-style-default\"> <div class=\"overlay-wrap\"> <div class=\"image-wrap \"> <picture> <source srcset=\"https:\/\/alamsuisse.org\/wp-content\/uploads\/2022\/11\/C3747.00_14_15_43.Still009-Edited-thegem-product-justified-square-s.png 1x\" sizes=\"100vw\"> <img src=\"https:\/\/alamsuisse.org\/wp-content\/uploads\/2022\/11\/C3747.00_14_15_43.Still009-Edited-thegem-product-justified-square-s.png\" width=\"300\" height=\"300\" class=\"attachment-thegem-product-justified-square-s\" alt=\"C3747.00_14_15_43.Still009 - Modifi\u00e9\" \/> <\/picture> <\/div> <div class=\"overlay \"> <div class=\"overlay-circle\"><\/div> <a href=\"https:\/\/alamsuisse.org\/wp-content\/uploads\/2022\/11\/C3747.00_14_15_43.Still009-Edited.png\" class=\"gallery-item-link fancy-gallery\" data-fancybox=\"gallery-69f33c0d4f83a\" data-elementor-open-lightbox=\"no\" aria-label=\"Fullsize Image: C3747.00_14_15_43.Still009 - Modifi\u00e9\"> <span class=\"slide-info\"> <\/span> <\/a> <div class=\"overlay-content\"> <div class=\"overlay-content-center\"> <div class=\"overlay-content-inner\"> <a href=\"https:\/\/alamsuisse.org\/wp-content\/uploads\/2022\/11\/C3747.00_14_15_43.Still009-Edited.png\" class=\"icon photo \" aria-label=\"Fullsize Image: C3747.00_14_15_43.Still009 - Modifi\u00e9\"> <i class=\"default\"><\/i> <\/a> <\/div> <\/div> <\/div> <\/div> <\/div> <\/div> <\/li> <li class=\"gallery-item gallery-0 col-xs-12 col-sm-6 col-md-3 single-icon post-38816 post type-post status-publish format-standard has-post-thumbnail category-developpement-durable category-environment category-environnement category-sustainable-development\" style=\"padding: calc(16px\/2); \"> <div class=\"wrap gem-wrapbox gem-wrapbox-style-default\"> <div class=\"overlay-wrap\"> <div class=\"image-wrap \"> <picture> <source srcset=\"https:\/\/alamsuisse.org\/wp-content\/uploads\/2022\/11\/DSC09051-1-scaled-thegem-product-justified-square-s.jpg 1x\" sizes=\"100vw\"> <img src=\"https:\/\/alamsuisse.org\/wp-content\/uploads\/2022\/11\/DSC09051-1-scaled-thegem-product-justified-square-s.jpg\" width=\"300\" height=\"300\" class=\"attachment-thegem-product-justified-square-s\" alt=\"DSC09051 (1)\" \/> <\/picture> <\/div> <div class=\"overlay \"> <div class=\"overlay-circle\"><\/div> <a href=\"https:\/\/alamsuisse.org\/wp-content\/uploads\/2022\/11\/DSC09051-1-scaled.jpg\" class=\"gallery-item-link fancy-gallery\" data-fancybox=\"gallery-69f33c0d4f83a\" data-elementor-open-lightbox=\"no\" aria-label=\"Fullsize Image: DSC09051 (1)\"> <span class=\"slide-info\"> <\/span> <\/a> <div class=\"overlay-content\"> <div class=\"overlay-content-center\"> <div class=\"overlay-content-inner\"> <a href=\"https:\/\/alamsuisse.org\/wp-content\/uploads\/2022\/11\/DSC09051-1-scaled.jpg\" class=\"icon photo \" aria-label=\"Fullsize Image: DSC09051 (1)\"> <i class=\"default\"><\/i> <\/a> <\/div> <\/div> <\/div> <\/div> <\/div> <\/div> <\/li> <li class=\"gallery-item gallery-0 col-xs-12 col-sm-6 col-md-3 single-icon post-38816 post type-post status-publish format-standard has-post-thumbnail category-developpement-durable category-environment category-environnement category-sustainable-development\" style=\"padding: calc(16px\/2); \"> <div class=\"wrap gem-wrapbox gem-wrapbox-style-default\"> <div class=\"overlay-wrap\"> <div class=\"image-wrap \"> <picture> <source srcset=\"https:\/\/alamsuisse.org\/wp-content\/uploads\/2022\/11\/DSC08952-1-scaled-thegem-product-justified-square-s.jpg 1x\" sizes=\"100vw\"> <img src=\"https:\/\/alamsuisse.org\/wp-content\/uploads\/2022\/11\/DSC08952-1-scaled-thegem-product-justified-square-s.jpg\" width=\"300\" height=\"300\" class=\"attachment-thegem-product-justified-square-s\" alt=\"DSC08952 (1)\" \/> <\/picture> <\/div> <div class=\"overlay \"> <div class=\"overlay-circle\"><\/div> <a href=\"https:\/\/alamsuisse.org\/wp-content\/uploads\/2022\/11\/DSC08952-1-scaled.jpg\" class=\"gallery-item-link fancy-gallery\" data-fancybox=\"gallery-69f33c0d4f83a\" data-elementor-open-lightbox=\"no\" aria-label=\"Fullsize Image: DSC08952 (1)\"> <span class=\"slide-info\"> <\/span> <\/a> <div class=\"overlay-content\"> <div class=\"overlay-content-center\"> <div class=\"overlay-content-inner\"> <a href=\"https:\/\/alamsuisse.org\/wp-content\/uploads\/2022\/11\/DSC08952-1-scaled.jpg\" class=\"icon photo \" aria-label=\"Fullsize Image: DSC08952 (1)\"> <i class=\"default\"><\/i> <\/a> <\/div> <\/div> <\/div> <\/div> <\/div> <\/div> <\/li> <li class=\"gallery-item gallery-0 col-xs-12 col-sm-6 col-md-3 single-icon post-38816 post type-post status-publish format-standard has-post-thumbnail category-developpement-durable category-environment category-environnement category-sustainable-development\" style=\"padding: calc(16px\/2); \"> <div class=\"wrap gem-wrapbox gem-wrapbox-style-default\"> <div class=\"overlay-wrap\"> <div class=\"image-wrap \"> <picture> <source srcset=\"https:\/\/alamsuisse.org\/wp-content\/uploads\/2022\/11\/DSC09126-scaled-thegem-product-justified-square-s.jpg 1x\" sizes=\"100vw\"> <img src=\"https:\/\/alamsuisse.org\/wp-content\/uploads\/2022\/11\/DSC09126-scaled-thegem-product-justified-square-s.jpg\" width=\"300\" height=\"300\" class=\"attachment-thegem-product-justified-square-s\" alt=\"DSC09126\" \/> <\/picture> <\/div> <div class=\"overlay \"> <div class=\"overlay-circle\"><\/div> <a href=\"https:\/\/alamsuisse.org\/wp-content\/uploads\/2022\/11\/DSC09126-scaled.jpg\" class=\"gallery-item-link fancy-gallery\" data-fancybox=\"gallery-69f33c0d4f83a\" data-elementor-open-lightbox=\"no\" aria-label=\"Fullsize Image: DSC09126\"> <span class=\"slide-info\"> <\/span> <\/a> <div class=\"overlay-content\"> <div class=\"overlay-content-center\"> <div class=\"overlay-content-inner\"> <a href=\"https:\/\/alamsuisse.org\/wp-content\/uploads\/2022\/11\/DSC09126-scaled.jpg\" class=\"icon photo \" aria-label=\"Fullsize Image: DSC09126\"> <i class=\"default\"><\/i> <\/a> <\/div> <\/div> <\/div> <\/div> <\/div> <\/div> <\/li> <li class=\"gallery-item gallery-0 col-xs-12 col-sm-6 col-md-3 single-icon post-38816 post type-post status-publish format-standard has-post-thumbnail category-developpement-durable category-environment category-environnement category-sustainable-development\" style=\"padding: calc(16px\/2); \"> <div class=\"wrap gem-wrapbox gem-wrapbox-style-default\"> <div class=\"overlay-wrap\"> <div class=\"image-wrap \"> <picture> <source srcset=\"https:\/\/alamsuisse.org\/wp-content\/uploads\/2022\/11\/DSC08965-scaled-thegem-product-justified-square-s.jpg 1x\" sizes=\"100vw\"> <img src=\"https:\/\/alamsuisse.org\/wp-content\/uploads\/2022\/11\/DSC08965-scaled-thegem-product-justified-square-s.jpg\" width=\"300\" height=\"300\" class=\"attachment-thegem-product-justified-square-s\" alt=\"DSC08965\" \/> <\/picture> <\/div> <div class=\"overlay \"> <div class=\"overlay-circle\"><\/div> <a href=\"https:\/\/alamsuisse.org\/wp-content\/uploads\/2022\/11\/DSC08965-scaled.jpg\" class=\"gallery-item-link fancy-gallery\" data-fancybox=\"gallery-69f33c0d4f83a\" data-elementor-open-lightbox=\"no\" aria-label=\"Fullsize Image: DSC08965\"> <span class=\"slide-info\"> <\/span> <\/a> <div class=\"overlay-content\"> <div class=\"overlay-content-center\"> <div class=\"overlay-content-inner\"> <a href=\"https:\/\/alamsuisse.org\/wp-content\/uploads\/2022\/11\/DSC08965-scaled.jpg\" class=\"icon photo \" aria-label=\"Fullsize Image: DSC08965\"> <i class=\"default\"><\/i> <\/a> <\/div> <\/div> <\/div> <\/div> <\/div> <\/div> <\/li> <li class=\"gallery-item gallery-0 col-xs-12 col-sm-6 col-md-3 single-icon post-38816 post type-post status-publish format-standard has-post-thumbnail category-developpement-durable category-environment category-environnement category-sustainable-development\" style=\"padding: calc(16px\/2); \"> <div class=\"wrap gem-wrapbox gem-wrapbox-style-default\"> <div class=\"overlay-wrap\"> <div class=\"image-wrap \"> <picture> <source srcset=\"https:\/\/alamsuisse.org\/wp-content\/uploads\/2022\/11\/DSC09017-scaled-thegem-product-justified-square-s.jpg 1x\" sizes=\"100vw\"> <img src=\"https:\/\/alamsuisse.org\/wp-content\/uploads\/2022\/11\/DSC09017-scaled-thegem-product-justified-square-s.jpg\" width=\"300\" height=\"300\" class=\"attachment-thegem-product-justified-square-s\" alt=\"DSC09017\" \/> <\/picture> <\/div> <div class=\"overlay \"> <div class=\"overlay-circle\"><\/div> <a href=\"https:\/\/alamsuisse.org\/wp-content\/uploads\/2022\/11\/DSC09017-scaled.jpg\" class=\"gallery-item-link fancy-gallery\" data-fancybox=\"gallery-69f33c0d4f83a\" data-elementor-open-lightbox=\"no\" aria-label=\"Fullsize Image: DSC09017\"> <span class=\"slide-info\"> <\/span> <\/a> <div class=\"overlay-content\"> <div class=\"overlay-content-center\"> <div class=\"overlay-content-inner\"> <a href=\"https:\/\/alamsuisse.org\/wp-content\/uploads\/2022\/11\/DSC09017-scaled.jpg\" class=\"icon photo \" aria-label=\"Fullsize Image: DSC09017\"> <i class=\"default\"><\/i> <\/a> <\/div> <\/div> <\/div> <\/div> <\/div> <\/div> <\/li> <li class=\"gallery-item gallery-0 col-xs-12 col-sm-6 col-md-3 single-icon post-38816 post type-post status-publish format-standard has-post-thumbnail category-developpement-durable category-environment category-environnement category-sustainable-development\" style=\"padding: calc(16px\/2); \"> <div class=\"wrap gem-wrapbox gem-wrapbox-style-default\"> <div class=\"overlay-wrap\"> <div class=\"image-wrap \"> <picture> <source srcset=\"https:\/\/alamsuisse.org\/wp-content\/uploads\/2022\/11\/DSC09068-scaled-thegem-product-justified-square-s.jpg 1x\" sizes=\"100vw\"> <img src=\"https:\/\/alamsuisse.org\/wp-content\/uploads\/2022\/11\/DSC09068-scaled-thegem-product-justified-square-s.jpg\" width=\"300\" height=\"300\" class=\"attachment-thegem-product-justified-square-s\" alt=\"DSC09068\" \/> <\/picture> <\/div> <div class=\"overlay \"> <div class=\"overlay-circle\"><\/div> <a href=\"https:\/\/alamsuisse.org\/wp-content\/uploads\/2022\/11\/DSC09068-scaled.jpg\" class=\"gallery-item-link fancy-gallery\" data-fancybox=\"gallery-69f33c0d4f83a\" data-elementor-open-lightbox=\"no\" aria-label=\"Fullsize Image: DSC09068\"> <span class=\"slide-info\"> <\/span> <\/a> <div class=\"overlay-content\"> <div class=\"overlay-content-center\"> <div class=\"overlay-content-inner\"> <a href=\"https:\/\/alamsuisse.org\/wp-content\/uploads\/2022\/11\/DSC09068-scaled.jpg\" class=\"icon photo \" aria-label=\"Fullsize Image: DSC09068\"> <i class=\"default\"><\/i> <\/a> <\/div> <\/div> <\/div> <\/div> <\/div> <\/div> <\/li> <li class=\"gallery-item gallery-0 col-xs-12 col-sm-6 col-md-3 single-icon post-38816 post type-post status-publish format-standard has-post-thumbnail category-developpement-durable category-environment category-environnement category-sustainable-development\" style=\"padding: calc(16px\/2); \"> <div class=\"wrap gem-wrapbox gem-wrapbox-style-default\"> <div class=\"overlay-wrap\"> <div class=\"image-wrap \"> <picture> <source srcset=\"https:\/\/alamsuisse.org\/wp-content\/uploads\/2022\/11\/DSC09074-scaled-thegem-product-justified-square-s.jpg 1x\" sizes=\"100vw\"> <img src=\"https:\/\/alamsuisse.org\/wp-content\/uploads\/2022\/11\/DSC09074-scaled-thegem-product-justified-square-s.jpg\" width=\"300\" height=\"300\" class=\"attachment-thegem-product-justified-square-s\" alt=\"DSC09074\" \/> <\/picture> <\/div> <div class=\"overlay \"> <div class=\"overlay-circle\"><\/div> <a href=\"https:\/\/alamsuisse.org\/wp-content\/uploads\/2022\/11\/DSC09074-scaled.jpg\" class=\"gallery-item-link fancy-gallery\" data-fancybox=\"gallery-69f33c0d4f83a\" data-elementor-open-lightbox=\"no\" aria-label=\"Fullsize Image: DSC09074\"> <span class=\"slide-info\"> <\/span> <\/a> <div class=\"overlay-content\"> <div class=\"overlay-content-center\"> <div class=\"overlay-content-inner\"> <a href=\"https:\/\/alamsuisse.org\/wp-content\/uploads\/2022\/11\/DSC09074-scaled.jpg\" class=\"icon photo \" aria-label=\"Fullsize Image: DSC09074\"> <i class=\"default\"><\/i> <\/a> <\/div> <\/div> <\/div> <\/div> <\/div> <\/div> <\/li> <li class=\"gallery-item gallery-0 col-xs-12 col-sm-6 col-md-3 single-icon post-38816 post type-post status-publish format-standard has-post-thumbnail category-developpement-durable category-environment category-environnement category-sustainable-development\" style=\"padding: calc(16px\/2); \"> <div class=\"wrap gem-wrapbox gem-wrapbox-style-default\"> <div class=\"overlay-wrap\"> <div class=\"image-wrap \"> <picture> <source srcset=\"https:\/\/alamsuisse.org\/wp-content\/uploads\/2022\/11\/DSC08964-2-scaled-thegem-product-justified-square-s.jpg 1x\" sizes=\"100vw\"> <img src=\"https:\/\/alamsuisse.org\/wp-content\/uploads\/2022\/11\/DSC08964-2-scaled-thegem-product-justified-square-s.jpg\" width=\"300\" height=\"300\" class=\"attachment-thegem-product-justified-square-s\" alt=\"DSC08964 (2)\" \/> <\/picture> <\/div> <div class=\"overlay \"> <div class=\"overlay-circle\"><\/div> <a href=\"https:\/\/alamsuisse.org\/wp-content\/uploads\/2022\/11\/DSC08964-2-scaled.jpg\" class=\"gallery-item-link fancy-gallery\" data-fancybox=\"gallery-69f33c0d4f83a\" data-elementor-open-lightbox=\"no\" aria-label=\"Fullsize Image: DSC08964 (2)\"> <span class=\"slide-info\"> <\/span> <\/a> <div class=\"overlay-content\"> <div class=\"overlay-content-center\"> <div class=\"overlay-content-inner\"> <a href=\"https:\/\/alamsuisse.org\/wp-content\/uploads\/2022\/11\/DSC08964-2-scaled.jpg\" class=\"icon photo \" aria-label=\"Fullsize Image: DSC08964 (2)\"> <i class=\"default\"><\/i> <\/a> <\/div> <\/div> <\/div> <\/div> <\/div> <\/div> <\/li> <\/ul> <div class=\"portfolio-item-size-container\"> <li class=\"gallery-item size-item col-xs-12 col-sm-6 col-md-3 post-38816 post type-post status-publish format-standard has-post-thumbnail category-developpement-durable category-environment category-environnement category-sustainable-development\" style=\"padding: calc(16px\/2); \"> <\/li> <\/div> <\/div> <\/div> <\/div> <\/div>\t\t\t\t<\/div>\n\t\t\t\t<\/div>\n\t\t\t\t\t<\/div>\n\t\t<\/div>\n\t\t\t\t\t<\/div><\/div>\r\n\t\t<\/section>\r\n\t\t\t\t<section class=\"elementor-section elementor-top-section elementor-element elementor-element-167c1fe elementor-section-boxed elementor-section-height-default elementor-section-height-default\" data-id=\"167c1fe\" data-element_type=\"section\" data-e-type=\"section\">\r\n\t\t\t\t\t\t<div class=\"elementor-container elementor-column-gap-thegem\"><div class=\"elementor-row\">\r\n\t\t\t\t\t<div class=\"elementor-column elementor-col-100 elementor-top-column elementor-element elementor-element-db8c1b2\" data-id=\"db8c1b2\" data-element_type=\"column\" data-e-type=\"column\">\n\t\t\t<div class=\"elementor-widget-wrap elementor-element-populated\">\n\t\t\t\t\t\t<div class=\"elementor-element elementor-element-4e51ff0 flex-horizontal-align-default flex-horizontal-align-tablet-default flex-horizontal-align-mobile-default flex-vertical-align-default flex-vertical-align-tablet-default flex-vertical-align-mobile-default elementor-widget elementor-widget-text-editor\" data-id=\"4e51ff0\" data-element_type=\"widget\" data-e-type=\"widget\" data-widget_type=\"text-editor.default\">\n\t\t\t\t<div class=\"elementor-widget-container\">\n\t\t\t\t\t\t\t\t\t\t\t\t<div class=\"elementor-text-editor elementor-clearfix\">\r\n\t\t\t\t\t\t<p>ALAM poursuivra ses efforts pour soutenir le secteur de l&rsquo;\u00e9ducation par tous les moyens possibles. Il est inconcevable que l&rsquo;association reste inactive face \u00e0 cette situation atroce qui s&#8217;empare des \u00e9coles et de l&rsquo;\u00e9ducation de toute une g\u00e9n\u00e9ration, une g\u00e9n\u00e9ration qui porte l&rsquo;avenir du Liban.  <\/p>\n\t\t\t\t\t\t\t<\/div>\r\n\t\t\t\t\t\t\t\t\t\t<\/div>\n\t\t\t\t<\/div>\n\t\t\t\t\t<\/div>\n\t\t<\/div>\n\t\t\t\t\t<\/div><\/div>\r\n\t\t<\/section>\r\n\t\t\t\t<section class=\"elementor-section elementor-top-section elementor-element elementor-element-5fa1bff elementor-section-boxed elementor-section-height-default elementor-section-height-default\" data-id=\"5fa1bff\" data-element_type=\"section\" data-e-type=\"section\">\r\n\t\t\t\t\t\t<div class=\"elementor-container elementor-column-gap-thegem\"><div class=\"elementor-row\">\r\n\t\t\t\t\t<div class=\"elementor-column elementor-col-100 elementor-top-column elementor-element elementor-element-e853894\" data-id=\"e853894\" data-element_type=\"column\" data-e-type=\"column\">\n\t\t\t<div class=\"elementor-widget-wrap elementor-element-populated\">\n\t\t\t\t\t\t<div class=\"elementor-element elementor-element-08d1d2f elementor-widget__width-initial flex-horizontal-align-default flex-horizontal-align-tablet-default flex-horizontal-align-mobile-default flex-vertical-align-default flex-vertical-align-tablet-default flex-vertical-align-mobile-default elementor-widget elementor-widget-thegem-quoted-text\" data-id=\"08d1d2f\" data-element_type=\"widget\" data-e-type=\"widget\" data-settings=\"{&quot;thegem_elementor_preset&quot;:&quot;style-1&quot;}\" data-widget_type=\"thegem-quoted-text.default\">\n\t\t\t\t<div class=\"elementor-widget-container\">\n\t\t\t\t\t<div class=\"gem-quote gem-quote-style-1 default-background\">\n\t<blockquote class=\"gem-text-output\"><p style=\"text-align: center\"><span style=\"color: #ffffff\"><a style=\"color: #ffffff\" href=\"https:\/\/alamsuisse.org\/fr\/faire-un-don\">Rejoignez-nous pour sauver les \u00e9coles libanaises et garantir l'\u00e9ducation et la s\u00e9curit\u00e9 que tous les enfants m\u00e9ritent. Ensemble, nous pouvons redonner l'espoir d'un avenir meilleur au Liban.<\/a><\/span><\/p><\/blockquote>\n<\/div>\n\t\t\t\t<\/div>\n\t\t\t\t<\/div>\n\t\t\t\t\t<\/div>\n\t\t<\/div>\n\t\t\t\t\t<\/div><\/div>\r\n\t\t<\/section>\r\n\t\t\t\t<\/div>\n\t\t","protected":false},"excerpt":{"rendered":"<p>Des ann\u00e9es de corruption et de mauvaise gouvernance au Liban ont provoqu\u00e9 l&rsquo;effondrement de l&rsquo;\u00e9conomie en 2019. Des \u00e9v\u00e9nements malheureux&#8230;<\/p>\n","protected":false},"author":1,"featured_media":38814,"comment_status":"closed","ping_status":"open","sticky":false,"template":"single-fullwidth.php","format":"standard","meta":{"footnotes":""},"categories":[339,323,336,318],"tags":[],"class_list":{"0":"post-38816","1":"post","2":"type-post","3":"status-publish","4":"format-standard","5":"has-post-thumbnail","7":"category-developpement-durable","8":"category-environment","9":"category-environnement","10":"category-sustainable-development"},"menu_order":0,"_links":{"self":[{"href":"https:\/\/alamsuisse.org\/fr\/wp-json\/wp\/v2\/posts\/38816","targetHints":{"allow":["GET"]}}],"collection":[{"href":"https:\/\/alamsuisse.org\/fr\/wp-json\/wp\/v2\/posts"}],"about":[{"href":"https:\/\/alamsuisse.org\/fr\/wp-json\/wp\/v2\/types\/post"}],"author":[{"embeddable":true,"href":"https:\/\/alamsuisse.org\/fr\/wp-json\/wp\/v2\/users\/1"}],"replies":[{"embeddable":true,"href":"https:\/\/alamsuisse.org\/fr\/wp-json\/wp\/v2\/comments?post=38816"}],"version-history":[{"count":29,"href":"https:\/\/alamsuisse.org\/fr\/wp-json\/wp\/v2\/posts\/38816\/revisions"}],"predecessor-version":[{"id":39040,"href":"https:\/\/alamsuisse.org\/fr\/wp-json\/wp\/v2\/posts\/38816\/revisions\/39040"}],"wp:featuredmedia":[{"embeddable":true,"href":"https:\/\/alamsuisse.org\/fr\/wp-json\/wp\/v2\/media\/38814"}],"wp:attachment":[{"href":"https:\/\/alamsuisse.org\/fr\/wp-json\/wp\/v2\/media?parent=38816"}],"wp:term":[{"taxonomy":"category","embeddable":true,"href":"https:\/\/alamsuisse.org\/fr\/wp-json\/wp\/v2\/categories?post=38816"},{"taxonomy":"post_tag","embeddable":true,"href":"https:\/\/alamsuisse.org\/fr\/wp-json\/wp\/v2\/tags?post=38816"}],"curies":[{"name":"wp","href":"https:\/\/api.w.org\/{rel}","templated":true}]}}